{"id":91,"date":"2010-02-08T17:34:00","date_gmt":"2010-02-08T17:34:00","guid":{"rendered":"http:\/\/blogs.elcorreo.com\/punos-fuera\/?p=91"},"modified":"2010-02-08T17:34:00","modified_gmt":"2010-02-08T17:34:00","slug":"robotech-the-shadow-chronicles-de-batallas-y-bostezos","status":"publish","type":"post","link":"https:\/\/blogs.elcorreo.com\/punos-fuera\/2010\/02\/08\/robotech-the-shadow-chronicles-de-batallas-y-bostezos\/","title":{"rendered":"&#039;Robotech: The Shadow Chronicles&#039;. Una de batallas y bostezos"},"content":{"rendered":"<p><IMG src=\"\/punos-fuera\/wp-content\/uploads\/sites\/14\" id=\"img_0\" class=\"imgdcha\">Este fin de semana he podido sentarme a ver un par de DVDs a los que les ten\u00eda ganas desde hace tiempo: &#8216;Gunparade March&#8217; y &#8216;<A href=\"http:\/\/www.theshadowchronicles.com\/\" title=\"http:\/\/www.theshadowchronicles.com\/\" id=\"link_0\">Robotech: The Shadow Chronicles<\/a> &#8216;. Del primero -la serie completa- ya hablaremos, hoy comentar\u00e9 el segundo que, vaya por delante para los que tengan prisa, tampoco es que me haya vuelto loco precisamente.<\/p>\n<p>Creo que ya coment\u00e9 que no soy devoto de &#8216;<A href=\"http:\/\/www.robotech.com\/\" title=\"http:\/\/www.robotech.com\/\" id=\"link_1\">Robotech<\/a> &#8216; ni de &#8216;<A href=\"http:\/\/www.macrossgeneration.com\/\" title=\"http:\/\/www.macrossgeneration.com\/\" id=\"link_2\">Macross<\/a> &#8216;, series sobre las que no me he preocupado demasiado. Pero me hab\u00edan hablado muy bien de &#8216;Robotech: The Shadow Chronicles&#8217;, pel\u00edcula dirigida por <A href=\"http:\/\/www.imdb.com\/name\/nm1033761\/\" title=\"http:\/\/www.imdb.com\/name\/nm1033761\/\" id=\"link_3\">Tommy Yune<\/a>  que tuvo cierto \u00e9xito de cr\u00edtica y hasta gan\u00f3 <A href=\"http:\/\/en.wikipedia.org\/wiki\/International_Horror_and_Sci-Fi_Film_Festival#Sci-fi_awards\" title=\"http:\/\/en.wikipedia.org\/wiki\/International_Horror_and_Sci-Fi_Film_Festival#Sci-fi_awards\" id=\"link_0\">alg\u00fan premio<\/a> . Producida en 2006 y lanzada en 2007, se trata de una continuaci\u00f3n de la serie animada emitida a mediados de los 80 y montada en Estados Unidos a partir de tres series japonesas diferentes, la m\u00e1s famosa de las cuales es &#8216;Macross&#8217;. La buena noticia para quienes no hayan visto todos los episodios de &#8216;Robotech&#8217; -mi caso- es que &#8216;The Shadow Chronicles&#8217; puede verse como una ficci\u00f3n independiente y su comprensi\u00f3n no requiere un conocimiento exhaustivo, ni siquiera superficial, de la serie ochentera. La mala noticia es que la historia es aburrida y la pel\u00edcula s\u00f3lo merece verse por las secuencias de acci\u00f3n (<-<em>amigos, \u00e9sta s\u00f3lo es <\/em><strong>mi<\/strong><em> opini\u00f3n subjetiva y desnortada. Fans de &#8216;Robotech&#8217;, no se ofendan, por favor. Que ya lo veo venir<\/em>).<\/p>\n<p><IMG src=\"\/punos-fuera\/wp-content\/uploads\/sites\/14\" id=\"img_0\" class=\"imgizqda\">&#8216;Robotech: The Shadow Chronicles&#8217; es una space opera que narra el intento de la humanidad, refugiada en la Luna, de recuperar la Tierra invadida por unos extraterrestres llamados Invids. Una tercera especie, los Haydonitas, interviene desde la oscuridad con intenciones aviesas. Los protagonistas son pilotos de guerra que vuelan en sofisticados cazas espaciales de tecnolog\u00eda robotech, capaces de transformarse en robots humanoides seg\u00fan las necesidades del combate. Hay una historia de amor interespecies y varias tramas paralelas entre los personajes, ninguna de la cuales, desgraciadamente, llega a emocionar. La pel\u00edcula se deja ver por las escenas de batalla -animadas con CGI- bien repartidas a lo largo del metraje, pero el resto es aburrido y plano.<\/p>\n<p>Los extras -un disco entero- s\u00f3lo son para fan\u00e1ticos de &#8216;Robotech&#8217;: im\u00e1genes de convenciones, entrevistas con todo el mundo implicado en la producci\u00f3n, escenas eliminadas -y desde luego bien eliminadas- y ese tipo de cosas. De hecho, el elemento bizarro del asunto aparece en este momento, cuando llega el bloque de entrevistas con los dobladores de la versi\u00f3n en ingl\u00e9s: \u00a1Uno de ellos es <A href=\"http:\/\/www.youtube.com\/watch?v=uEPQVB3a9r8\" title=\"http:\/\/www.youtube.com\/watch?v=uEPQVB3a9r8\" id=\"link_5\">Mark Hamill<\/a> ! Es impresionante ver a Luke Skywalker diciendo lo orgulloso que est\u00e1 de sumar la franquicia &#8216;Robotech&#8217; a su destacad\u00edsima carrera cinematogr\u00e1fica.<\/p>\n<p>Veredicto: Si disfrutas viendo combates masivos con naves gigantescas y robots transformables en el espacio te lo pasar\u00e1s bien. SI buscas una gran historia de ciencia ficci\u00f3n \u00e9sta no es tu pel\u00edcula.<\/p>\n<p> <IMG src=\"\/punos-fuera\/wp-content\/uploads\/sites\/14\" id=\"img_2\" class=\"imgcen\" width=\"450\" height=\"255\"><\/p>\n<p><object style=\"border: 0pt none ; margin: 0pt; background: transparent none repeat scroll 0% 0%; -moz-background-clip: -moz-initial; -moz-background-origin: -moz-initial; -moz-background-inline-policy: -moz-initial;\" width=\"425\" height=\"344\"><param  name=\"movie\" value=\"http:\/\/www.youtube.com\/v\/NRv4kNVRxAY&#038;hl=es_ES&#038;fs=1&#038;\"><\/param><param  name=\"allowFullScreen\" value=\"true\"><\/param><param  name=\"allowscriptaccess\" value=\"always\"><\/param><embed  src=\"\/\/www.youtube.com\/v\/NRv4kNVRxAY&#038;hl=es_ES&#038;fs=1&#038;\" type=\"application\/x-shockwave-flash\" allowscriptaccess=\"always\" allowfullscreen=\"true\" width=\"425\" height=\"344\"><\/embed><\/object><\/p>\n<!-- AddThis Advanced Settings generic via filter on the_content --><!-- AddThis Share Buttons generic via filter on the_content -->","protected":false},"excerpt":{"rendered":"<p>Este fin de semana he podido sentarme a ver un par de DVDs a los que les ten\u00eda ganas desde hace tiempo: &#8216;Gunparade March&#8217; y &#8216;Robotech: The Shadow Chronicles &#8216;. Del primero -la serie completa- ya hablaremos, hoy comentar\u00e9 el segundo que, vaya por delante para los que tengan prisa, tampoco es que me haya [&hellip;]<!-- AddThis Advanced Settings generic via filter on get_the_excerpt --><!-- AddThis Share Buttons generic via filter on get_the_excerpt --><\/p>\n","protected":false},"author":3,"featured_media":0,"comment_status":"open","ping_status":"closed","sticky":false,"template":"","format":"standard","meta":[],"categories":[2],"tags":[204,251],"_links":{"self":[{"href":"https:\/\/blogs.elcorreo.com\/punos-fuera\/wp-json\/wp\/v2\/posts\/91"}],"collection":[{"href":"https:\/\/blogs.elcorreo.com\/punos-fuera\/wp-json\/wp\/v2\/posts"}],"about":[{"href":"https:\/\/blogs.elcorreo.com\/punos-fuera\/wp-json\/wp\/v2\/types\/post"}],"author":[{"embeddable":true,"href":"https:\/\/blogs.elcorreo.com\/punos-fuera\/wp-json\/wp\/v2\/users\/3"}],"replies":[{"embeddable":true,"href":"https:\/\/blogs.elcorreo.com\/punos-fuera\/wp-json\/wp\/v2\/comments?post=91"}],"version-history":[{"count":0,"href":"https:\/\/blogs.elcorreo.com\/punos-fuera\/wp-json\/wp\/v2\/posts\/91\/revisions"}],"wp:attachment":[{"href":"https:\/\/blogs.elcorreo.com\/punos-fuera\/wp-json\/wp\/v2\/media?parent=91"}],"wp:term":[{"taxonomy":"category","embeddable":true,"href":"https:\/\/blogs.elcorreo.com\/punos-fuera\/wp-json\/wp\/v2\/categories?post=91"},{"taxonomy":"post_tag","embeddable":true,"href":"https:\/\/blogs.elcorreo.com\/punos-fuera\/wp-json\/wp\/v2\/tags?post=91"}],"curies":[{"name":"wp","href":"https:\/\/api.w.org\/{rel}","templated":true}]}}