{"id":80,"date":"2009-12-01T12:52:00","date_gmt":"2009-12-01T12:52:00","guid":{"rendered":"http:\/\/blogs.elcorreo.com\/punos-fuera\/?p=80"},"modified":"2009-12-01T12:52:00","modified_gmt":"2009-12-01T12:52:00","slug":"paul-naschy-rip","status":"publish","type":"post","link":"https:\/\/blogs.elcorreo.com\/punos-fuera\/2009\/12\/01\/paul-naschy-rip\/","title":{"rendered":"Paul Naschy, RIP"},"content":{"rendered":"<p><IMG style=\"WIDTH: 341px; HEIGHT: 261px\" id=img_0 class=imgcen src=\"\/punos-fuera\/wp-content\/uploads\/sites\/14\" width=1309 height=1083>Jacinto Molina, m\u00e1s conocido por el pseud\u00f3nimo de <A id=link_1 title=http:\/\/www.naschy.com\/ href=\"http:\/\/www.naschy.com\/\">Paul Naschy<\/A>, muri\u00f3 ayer en Madrid a los 75 a\u00f1os. Supongo que los habituales de esta bit\u00e1cora no necesitan m\u00e1s explicaciones para saber de qui\u00e9n se trataba. Para los dem\u00e1s, baste decir que (dicen que) era conocido como &#8216;el Boris Karloff espa\u00f1ol&#8217; o el &#8216;Lon Chaney espa\u00f1ol&#8217;. Espa\u00f1ol, en cualquier caso. El cine que hizo en los 60 y los 70 no podr\u00eda ser de ninguna otra parte, para bien o para mal. Yo lo recuerdo sobre todo por haber creado su propio hombre lobo, un personaje que ha adquirido entidad propia, el conde Waldemar Daninsky, lo que no es poco. No soy un fan de su trabajo, as\u00ed que lo dejar\u00e9 aqu\u00ed, con un enlace <A id=link_0 title=http:\/\/www.google.com\/hostednews\/epa\/article\/ALeqM5hCcSRskCGp7ETNFxhwa9b3oAKk7Q href=\"http:\/\/www.google.com\/hostednews\/epa\/article\/ALeqM5hCcSRskCGp7ETNFxhwa9b3oAKk7Q\">a la noticia<\/A>. Descanse en paz.<\/p>\n<!-- AddThis Advanced Settings generic via filter on the_content --><!-- AddThis Share Buttons generic via filter on the_content -->","protected":false},"excerpt":{"rendered":"<p>Jacinto Molina, m\u00e1s conocido por el pseud\u00f3nimo de Paul Naschy, muri\u00f3 ayer en Madrid a los 75 a\u00f1os. Supongo que los habituales de esta bit\u00e1cora no necesitan m\u00e1s explicaciones para saber de qui\u00e9n se trataba. Para los dem\u00e1s, baste decir que (dicen que) era conocido como &#8216;el Boris Karloff espa\u00f1ol&#8217; o el &#8216;Lon Chaney espa\u00f1ol&#8217;. [&hellip;]<!-- AddThis Advanced Settings generic via filter on get_the_excerpt --><!-- AddThis Share Buttons generic via filter on get_the_excerpt --><\/p>\n","protected":false},"author":3,"featured_media":0,"comment_status":"open","ping_status":"closed","sticky":false,"template":"","format":"standard","meta":[],"categories":[2],"tags":[163,177],"_links":{"self":[{"href":"https:\/\/blogs.elcorreo.com\/punos-fuera\/wp-json\/wp\/v2\/posts\/80"}],"collection":[{"href":"https:\/\/blogs.elcorreo.com\/punos-fuera\/wp-json\/wp\/v2\/posts"}],"about":[{"href":"https:\/\/blogs.elcorreo.com\/punos-fuera\/wp-json\/wp\/v2\/types\/post"}],"author":[{"embeddable":true,"href":"https:\/\/blogs.elcorreo.com\/punos-fuera\/wp-json\/wp\/v2\/users\/3"}],"replies":[{"embeddable":true,"href":"https:\/\/blogs.elcorreo.com\/punos-fuera\/wp-json\/wp\/v2\/comments?post=80"}],"version-history":[{"count":0,"href":"https:\/\/blogs.elcorreo.com\/punos-fuera\/wp-json\/wp\/v2\/posts\/80\/revisions"}],"wp:attachment":[{"href":"https:\/\/blogs.elcorreo.com\/punos-fuera\/wp-json\/wp\/v2\/media?parent=80"}],"wp:term":[{"taxonomy":"category","embeddable":true,"href":"https:\/\/blogs.elcorreo.com\/punos-fuera\/wp-json\/wp\/v2\/categories?post=80"},{"taxonomy":"post_tag","embeddable":true,"href":"https:\/\/blogs.elcorreo.com\/punos-fuera\/wp-json\/wp\/v2\/tags?post=80"}],"curies":[{"name":"wp","href":"https:\/\/api.w.org\/{rel}","templated":true}]}}