{"id":75,"date":"2009-10-02T17:30:00","date_gmt":"2009-10-02T17:30:00","guid":{"rendered":"http:\/\/blogs.elcorreo.com\/punos-fuera\/?p=75"},"modified":"2009-10-02T17:30:00","modified_gmt":"2009-10-02T17:30:00","slug":"transformers-3-ya-fecha-estreno","status":"publish","type":"post","link":"https:\/\/blogs.elcorreo.com\/punos-fuera\/2009\/10\/02\/transformers-3-ya-fecha-estreno\/","title":{"rendered":"&#039;Transformers 3&#039; ya tiene fecha de estreno"},"content":{"rendered":"<p><IMG style=\"WIDTH: 559px; HEIGHT: 338px\" id=img_1 class=imgcen src=\"\/punos-fuera\/wp-content\/uploads\/sites\/14\/Prime-esfinge.JPG\" width=1183 height=631><\/p>\n<p><EM>\u201cBien, es oficial: tenemos una gran historia para \u2018Transformers 3\u2019. La fecha del estreno es ahora el 1 de julio de 2011. No en 2012\u201d. <\/EM>Lo poste\u00f3 ayer el mismo Michael Bay <A id=link_0 title=http:\/\/www.michaelbay.com\/newsblog\/files\/a2bd79bb4c222b807e27707aaf1497e6-570.html href=\"http:\/\/www.michaelbay.com\/newsblog\/files\/a2bd79bb4c222b807e27707aaf1497e6-570.html\">en su blog<\/A>, el mismo d\u00eda en el que mantuvo la primera reuni\u00f3n con los t\u00e9cnicos de ILM sobre la pel\u00edcula, en San Francisco, y vol\u00f3 a Rhode Island con uno de sus guionistas para hablar con la gente de Hasbro para perfilar los nuevos <DEL>juguetes<\/DEL> personajes.<\/p>\n<p>Bien, veremos en que queda lo de la \u201cgran historia\u201d. No faltan buenos c\u00f3mics para inspirarse y de \u2018<A id=link_1 title=http:\/\/www.transformersanimated.com\/ href=\"http:\/\/www.transformersanimated.com\/\">Transformers Animated<\/A>&#8216; se pueden sacar unas cuantas buenas idea. Por aqu\u00ed todav\u00eda estamos algo alica\u00eddos por el resultado de \u2018<A id=link_2 title=http:\/\/blogs.elcorreodigital.com\/punos-fuera\/2009\/6\/25\/-revenge-of-the-fallen-primera-resena href=\"http:\/\/blogs.elcorreo.com\/punos-fuera\/2009\/6\/25\/-revenge-of-the-fallen-primera-resena\">ROTF<\/A>\u2019. Pero como somos unos blandos, nos chiflan los \u2018Transformers\u2019 de todas maneras y admitimos la pel\u00edcula como entretenimiento palomitero puro, por aqu\u00ed nos alegramos por la noticia. Ahora empieza esta etapa tan divertida para los fans consistente en hacer quinielas sobre la identidad, n\u00famero y filiaci\u00f3n de los nuevos robots, criticar sus dise\u00f1os antes de verlos y mantener discusiones absurdas sobre la eterna guerra de Autobots y Decepticons. Somos como ni\u00f1os.<\/p>\n<p>Se avecinan malos tiempos para los \u2018michaelbay\u00f3fobos\u2019: \u2018Transformers 3\u2019 dar\u00e1 paso a otras dos \u2018obras\u2019 de nuestro h\u00e9roe, \u2018Pain and Gain\u2019 y&#8230; \u00a1\u2018Bad Boys 3\u2019! \u00bfSuperar\u00e1 escenas como <A id=link_3 title=http:\/\/www.youtube.com\/watch?v=hUZ9qAOaN5Q&#038;feature=PlayList&#038;p=EE3F6E854E29F07C&#038;playnext=1&#038;playnext_from=PL&#038;index=62 href=\"http:\/\/www.youtube.com\/watch?v=hUZ9qAOaN5Q&#038;feature=PlayList&#038;p=EE3F6E854E29F07C&#038;playnext=1&#038;playnext_from=PL&#038;index=62\">este delirante tiroteo<\/A>? Por si no fuera poco, Bay produce tambi\u00e9n <A id=link_4 title=http:\/\/www.imdb.com\/title\/tt1179056\/ href=\"http:\/\/www.imdb.com\/title\/tt1179056\/\">la nueva versi\u00f3n de \u2018Pesadilla en Elm Street\u2019<\/A>, que se estrena el a\u00f1o que viene. Bay hasta en la sopa, &#8216;hell on earth&#8217;. Y por cierto, atenci\u00f3n a la postdata que le dedica Bay a Megan Fox en su post: <EM>\u201cPor favor consulta a tu m\u00e9dico cuando trabajes bajo mi direcci\u00f3n porque hay efectos secundarios, como mareos ocasionales, nauseas intensas, tendencias suicidas, depresi\u00f3n, crecimiento de pelo en el pecho, hemorragias internas aleatorias e insomnio\u201d. <\/EM><\/p>\n<p>Y hablando de Transformers\u2019, dicen los se\u00f1ores de <A id=link_5 title=http:\/\/www.timetoplaymag.com\/ href=\"http:\/\/www.timetoplaymag.com\/\">TimetoPlayMag.com<\/A> que uno de los juguetes m\u00e1s deseados para las pr\u00f3ximas navidades es el \u2018Transformers Movie Constructicon Devastator\u2019, ese con el que se divierte el \u2018Jarripoter\u2019 de la foto. Bueno, ser\u00e1 su juguete m\u00e1s deseado, pero el m\u00edo es <A id=link_6 title=http:\/\/www.timetoplaymag.com\/toys\/view.php?product_id=269 href=\"http:\/\/www.timetoplaymag.com\/toys\/view.php?product_id=269\">ESTE<\/A>.<\/p>\n<p><IMG style=\"WIDTH: 419px; HEIGHT: 283px\" id=img_1 class=imgcen src=\"\/punos-fuera\/wp-content\/uploads\/sites\/14\" width=607 height=406><\/p>\n<!-- AddThis Advanced Settings generic via filter on the_content --><!-- AddThis Share Buttons generic via filter on the_content -->","protected":false},"excerpt":{"rendered":"<p>\u201cBien, es oficial: tenemos una gran historia para \u2018Transformers 3\u2019. La fecha del estreno es ahora el 1 de julio de 2011. No en 2012\u201d. Lo poste\u00f3 ayer el mismo Michael Bay en su blog, el mismo d\u00eda en el que mantuvo la primera reuni\u00f3n con los t\u00e9cnicos de ILM sobre la pel\u00edcula, en San [&hellip;]<!-- AddThis Advanced Settings generic via filter on get_the_excerpt --><!-- AddThis Share Buttons generic via filter on get_the_excerpt --><\/p>\n","protected":false},"author":3,"featured_media":0,"comment_status":"open","ping_status":"closed","sticky":false,"template":"","format":"standard","meta":[],"categories":[2],"tags":[19,54,149,153,260,262],"_links":{"self":[{"href":"https:\/\/blogs.elcorreo.com\/punos-fuera\/wp-json\/wp\/v2\/posts\/75"}],"collection":[{"href":"https:\/\/blogs.elcorreo.com\/punos-fuera\/wp-json\/wp\/v2\/posts"}],"about":[{"href":"https:\/\/blogs.elcorreo.com\/punos-fuera\/wp-json\/wp\/v2\/types\/post"}],"author":[{"embeddable":true,"href":"https:\/\/blogs.elcorreo.com\/punos-fuera\/wp-json\/wp\/v2\/users\/3"}],"replies":[{"embeddable":true,"href":"https:\/\/blogs.elcorreo.com\/punos-fuera\/wp-json\/wp\/v2\/comments?post=75"}],"version-history":[{"count":0,"href":"https:\/\/blogs.elcorreo.com\/punos-fuera\/wp-json\/wp\/v2\/posts\/75\/revisions"}],"wp:attachment":[{"href":"https:\/\/blogs.elcorreo.com\/punos-fuera\/wp-json\/wp\/v2\/media?parent=75"}],"wp:term":[{"taxonomy":"category","embeddable":true,"href":"https:\/\/blogs.elcorreo.com\/punos-fuera\/wp-json\/wp\/v2\/categories?post=75"},{"taxonomy":"post_tag","embeddable":true,"href":"https:\/\/blogs.elcorreo.com\/punos-fuera\/wp-json\/wp\/v2\/tags?post=75"}],"curies":[{"name":"wp","href":"https:\/\/api.w.org\/{rel}","templated":true}]}}