{"id":73,"date":"2009-09-25T13:14:00","date_gmt":"2009-09-25T13:14:00","guid":{"rendered":"http:\/\/blogs.elcorreo.com\/punos-fuera\/?p=73"},"modified":"2009-09-25T13:14:00","modified_gmt":"2009-09-25T13:14:00","slug":"el-fantastico-mundo-las-hijas-zapatero","status":"publish","type":"post","link":"https:\/\/blogs.elcorreo.com\/punos-fuera\/2009\/09\/25\/el-fantastico-mundo-las-hijas-zapatero\/","title":{"rendered":"El fant\u00e1stico mundo de las hijas de Zapatero"},"content":{"rendered":"<p><IMG id=img_0 class=imgcen src=\"\/punos-fuera\/wp-content\/uploads\/sites\/14\"><\/p>\n<p>Como dicen en &#8216;<A id=link_0 title=http:\/\/blogs.elcorreodigital.com\/evadidos\/2009\/9\/25\/black-zapatero#c53606036 href=\"http:\/\/blogs.elcorreo.com\/evadidos\/2009\/9\/25\/black-zapatero#c53606036\">Evadidos<\/A>&#8216;, el tema es insoslayable: las hijas black metaleras de Zapatero. Es el signo de los tiempos, basta que alguien pretenda ocultar <A id=link_1 title=http:\/\/www.elcorreodigital.com\/vizcaya\/20090925\/sociedad\/polemica-foto-hijas-zapatero-200909250913.html href=\"http:\/\/www.elcorreo.com\/vizcaya\/20090925\/sociedad\/polemica-foto-hijas-zapatero-200909250913.html\">una foto pol\u00e9mica<\/A> para que la misma se reproduzca y se extienda como la peste negra -por usar una imagen probablemente muy del gusto de las protagonistas de todo esto- por internet, ese producto del Anticristo. <\/p>\n<p>De las probables connotaciones musicales del asunto ya se ha encargado el compa\u00f1ero Benito. Lo que a m\u00ed me interesa son las <A id=link_0 title=http:\/\/lashijasdezp.wordpress.com\/ href=\"http:\/\/lashijasdezp.wordpress.com\/\">&#8216;fan fiction&#8217; gr\u00e1ficas que est\u00e1 produciendo la parroquia<\/A>. Es darse <A id=link_3 title=http:\/\/lashijasdezp.wordpress.com\/ href=\"http:\/\/lashijasdezp.wordpress.com\/\">una vuelta por la Red<\/A> -varios <A id=link_1 title=http:\/\/www.facebook.com\/search\/?q=hijas+de+zapatero&#038;init=quick#\/pages\/Las-hijas-de-Zapatero\/141997433138?ref=search&#038;sid=605854766.328900553..1 href=\"http:\/\/www.facebook.com\/search\/?q=hijas+de+zapatero&#038;init=quick#\/pages\/Las-hijas-de-Zapatero\/141997433138?ref=search&#038;sid=605854766.328900553..1\">grupos<\/A> de fans ya en <A id=link_2 title=http:\/\/www.facebook.com\/search\/?q=hijas+de+zapatero&#038;init=quick href=\"http:\/\/www.facebook.com\/search\/?q=hijas+de+zapatero&#038;init=quick\">Facebook<\/A>&#8211; y ver que todo el mundo maneja las mismas e inevitables referencias. As\u00ed, <A id=link_4 title=http:\/\/lashijasdezp.wordpress.com\/ href=\"http:\/\/lashijasdezp.wordpress.com\/\">ya podemos ver a las mozas transformadas<\/A> en orcos de Mordor, disc\u00edpulas Sith y vampiras de todo tipo y condici\u00f3n. La referencia a la c\u00e9lebre escena de las ni\u00f1as en el pasillo de &#8216;El Resplandor&#8217; era inevitable, mientras que los arreglos a lo &#8216;Aigor&#8217; rozan la crueldad gr\u00e1fica. Todav\u00eda no he descubierto aportaciones a lo &#8216;Zombieland&#8217; ni manga, pero al tiempo.<\/p>\n<p><IMG id=img_1 class=imgcen src=\"\/punos-fuera\/wp-content\/uploads\/sites\/14\"><\/p>\n<!-- AddThis Advanced Settings generic via filter on the_content --><!-- AddThis Share Buttons generic via filter on the_content -->","protected":false},"excerpt":{"rendered":"<p>Como dicen en &#8216;Evadidos&#8216;, el tema es insoslayable: las hijas black metaleras de Zapatero. Es el signo de los tiempos, basta que alguien pretenda ocultar una foto pol\u00e9mica para que la misma se reproduzca y se extienda como la peste negra -por usar una imagen probablemente muy del gusto de las protagonistas de todo esto- [&hellip;]<!-- AddThis Advanced Settings generic via filter on get_the_excerpt --><!-- AddThis Share Buttons generic via filter on get_the_excerpt --><\/p>\n","protected":false},"author":3,"featured_media":0,"comment_status":"open","ping_status":"closed","sticky":false,"template":"","format":"standard","meta":[],"categories":[2],"tags":[105,219,281],"_links":{"self":[{"href":"https:\/\/blogs.elcorreo.com\/punos-fuera\/wp-json\/wp\/v2\/posts\/73"}],"collection":[{"href":"https:\/\/blogs.elcorreo.com\/punos-fuera\/wp-json\/wp\/v2\/posts"}],"about":[{"href":"https:\/\/blogs.elcorreo.com\/punos-fuera\/wp-json\/wp\/v2\/types\/post"}],"author":[{"embeddable":true,"href":"https:\/\/blogs.elcorreo.com\/punos-fuera\/wp-json\/wp\/v2\/users\/3"}],"replies":[{"embeddable":true,"href":"https:\/\/blogs.elcorreo.com\/punos-fuera\/wp-json\/wp\/v2\/comments?post=73"}],"version-history":[{"count":0,"href":"https:\/\/blogs.elcorreo.com\/punos-fuera\/wp-json\/wp\/v2\/posts\/73\/revisions"}],"wp:attachment":[{"href":"https:\/\/blogs.elcorreo.com\/punos-fuera\/wp-json\/wp\/v2\/media?parent=73"}],"wp:term":[{"taxonomy":"category","embeddable":true,"href":"https:\/\/blogs.elcorreo.com\/punos-fuera\/wp-json\/wp\/v2\/categories?post=73"},{"taxonomy":"post_tag","embeddable":true,"href":"https:\/\/blogs.elcorreo.com\/punos-fuera\/wp-json\/wp\/v2\/tags?post=73"}],"curies":[{"name":"wp","href":"https:\/\/api.w.org\/{rel}","templated":true}]}}