{"id":66,"date":"2009-08-24T12:27:00","date_gmt":"2009-08-24T12:27:00","guid":{"rendered":"http:\/\/blogs.elcorreo.com\/punos-fuera\/?p=66"},"modified":"2009-08-24T12:27:00","modified_gmt":"2009-08-24T12:27:00","slug":"avatarados","status":"publish","type":"post","link":"https:\/\/blogs.elcorreo.com\/punos-fuera\/2009\/08\/24\/avatarados\/","title":{"rendered":"Avatarados"},"content":{"rendered":"<p>\u00bfQu\u00e9 le pasa a la parroquia del cine fant\u00e1stico? De &#8216;<A href=\"http:\/\/www.apple.com\/trailers\/fox\/avatar\/\" title=\"http:\/\/www.apple.com\/trailers\/fox\/avatar\/\" id=\"link_0\">Avatar<\/a> &#8216; no hemos visto m\u00e1s que un tr\u00e1iler y una demo en 3D de 16 minutos y todo el mundo parece haberse vuelto loco. Uno se pasea por los <A href=\"http:\/\/www.imdb.com\/title\/tt0499549\/board\/thread\/145933013\" title=\"http:\/\/www.imdb.com\/title\/tt0499549\/board\/thread\/145933013\" id=\"link_1\">&#8216;boards&#8217; de la IMDB<\/a>  y no da cr\u00e9dito a lo que lee. De pronto hay una guerra entre defensores a ultranza de Cameron y su obra, y los que creen que la dichosa pel\u00edcula ha nacido muerta antes de su estreno, un hype con cgi&#8217;s cantosos condenado al cubo de la basura cinematogr\u00e1fica. <\/p>\n<p>Ver los mensajes, que forman un torrente de actualizaciones cada cinco segundos, es darse cuenta de que ha nacido la tribu de los avatarados, gente cuyas vidas parecen girar en torno a esta pel\u00edcula, bien en positivo o bien (bueno, mal) en negativo. Horas ANTES de que se proyectara el tr\u00e1iler en cualquier parte del mundo ya hab\u00eda post diciendo que el largometraje era una ponzo\u00f1a o, por el contrario, que Cameron es un genio de la cultura universal. Esto me recuerda al <A href=\"http:\/\/www.viruete.com\/virublog\/2009\/08\/gi_joe_lo_mejor_del_verano.html\" title=\"http:\/\/www.viruete.com\/virublog\/2009\/08\/gi_joe_lo_mejor_del_verano.html\" id=\"link_2\">estupendo post de Viruete sobre &#8216;G. I. Joe&#8217;<\/a>  y su torrente de denostadores desatados CUATRO D\u00cdAS ANTES de que se estrenara ese filme. \u00bfC\u00f3mo puede la gente tomarse tan a pecho estas cosas? Da pena. Bueno, no. En realidad da mucha risa.<\/p>\n<p>En cuanto a &#8216;Avatar&#8217;, por lo visto hasta ahora parece una versi\u00f3n espacial de &#8216;Bailando con lobos&#8217;. Tiene pinta de ser muy entretenida, lo que no es poco. Y los &#8216;mecha&#8217; tienen un aspecto estupendo.<br \/>\n<IMG src=\"\/punos-fuera\/wp-content\/uploads\/sites\/14\" id=\"img_0\" class=\"imgcen\"><\/p>\n<!-- AddThis Advanced Settings generic via filter on the_content --><!-- AddThis Share Buttons generic via filter on the_content -->","protected":false},"excerpt":{"rendered":"<p>\u00bfQu\u00e9 le pasa a la parroquia del cine fant\u00e1stico? De &#8216;Avatar &#8216; no hemos visto m\u00e1s que un tr\u00e1iler y una demo en 3D de 16 minutos y todo el mundo parece haberse vuelto loco. Uno se pasea por los &#8216;boards&#8217; de la IMDB y no da cr\u00e9dito a lo que lee. De pronto hay [&hellip;]<!-- AddThis Advanced Settings generic via filter on get_the_excerpt --><!-- AddThis Share Buttons generic via filter on get_the_excerpt --><\/p>\n","protected":false},"author":3,"featured_media":0,"comment_status":"open","ping_status":"closed","sticky":false,"template":"","format":"standard","meta":[],"categories":[2],"tags":[20,108,115,258],"_links":{"self":[{"href":"https:\/\/blogs.elcorreo.com\/punos-fuera\/wp-json\/wp\/v2\/posts\/66"}],"collection":[{"href":"https:\/\/blogs.elcorreo.com\/punos-fuera\/wp-json\/wp\/v2\/posts"}],"about":[{"href":"https:\/\/blogs.elcorreo.com\/punos-fuera\/wp-json\/wp\/v2\/types\/post"}],"author":[{"embeddable":true,"href":"https:\/\/blogs.elcorreo.com\/punos-fuera\/wp-json\/wp\/v2\/users\/3"}],"replies":[{"embeddable":true,"href":"https:\/\/blogs.elcorreo.com\/punos-fuera\/wp-json\/wp\/v2\/comments?post=66"}],"version-history":[{"count":0,"href":"https:\/\/blogs.elcorreo.com\/punos-fuera\/wp-json\/wp\/v2\/posts\/66\/revisions"}],"wp:attachment":[{"href":"https:\/\/blogs.elcorreo.com\/punos-fuera\/wp-json\/wp\/v2\/media?parent=66"}],"wp:term":[{"taxonomy":"category","embeddable":true,"href":"https:\/\/blogs.elcorreo.com\/punos-fuera\/wp-json\/wp\/v2\/categories?post=66"},{"taxonomy":"post_tag","embeddable":true,"href":"https:\/\/blogs.elcorreo.com\/punos-fuera\/wp-json\/wp\/v2\/tags?post=66"}],"curies":[{"name":"wp","href":"https:\/\/api.w.org\/{rel}","templated":true}]}}