{"id":60,"date":"2009-08-17T19:46:00","date_gmt":"2009-08-17T19:46:00","guid":{"rendered":"http:\/\/blogs.elcorreo.com\/punos-fuera\/?p=60"},"modified":"2009-08-17T19:46:00","modified_gmt":"2009-08-17T19:46:00","slug":"avatar-stop-james-cameron-stop","status":"publish","type":"post","link":"https:\/\/blogs.elcorreo.com\/punos-fuera\/2009\/08\/17\/avatar-stop-james-cameron-stop\/","title":{"rendered":"&#039;Avatar&#039;. Stop. James Cameron. Stop"},"content":{"rendered":"<p><IMG src=\"\/punos-fuera\/wp-content\/uploads\/sites\/14\" id=\"img_1\" class=\"imgdcha\">Este post ser\u00e1 breve. A la fuerza ahorcan. Lo suyo ser\u00eda tener informaci\u00f3n a tutipl\u00e9n, acceso a los intr\u00edngulis de la postproducci\u00f3n, datos y chascarrillos sobre el asunto. Pero no. Aqu\u00ed estamos a la \u00faltima pregunta. A lo sumo, un compa\u00f1ero se va esta semana a la capital del reino a ver un avance del metraje de la pel\u00edcula y algo podremos contar, pero por ahora no es mucho. El supuesto teaser es parco como pocos, la informaci\u00f3n fluye a cuentagotas y apenas se han visto cuatro dibujos de dise\u00f1o de producci\u00f3n y un par de mate paintings. Ah, y dos robots gigantes que micer Cameron tuvo a bien presentar en la Comicon. Es todo. C&#8217;est tout. Todo un logro en secretismo, cosa de m\u00e9rito en tiempos en los que los guiones se filtran por internet minutos despu\u00e9s de haber sido redactados y secuencias enteras de blockbusters en producci\u00f3n campan alegremente por Youtube.<\/p>\n<p>&#8216;<A href=\"http:\/\/www.imdb.com\/title\/tt0499549\/\" title=\"http:\/\/www.imdb.com\/title\/tt0499549\/\" id=\"link_1\">Avatar<\/a> &#8216; es lo nuevo de James Cameron, el director de &#8216;Pira\u00f1a 2&#8217;, &#8220;la mejor pel\u00edcula de pira\u00f1as voladoras de la historia&#8221;, seg\u00fan afirm\u00f3 \u00e9l mismo. Sentido del humor no le falta al &#8216;Rey del mundo&#8217;. Esto que veis aqu\u00ed es el primer cartel oficial. <A href=\"http:\/\/www.youtube.com\/watch?v=CGs3_1qKl34\" title=\"http:\/\/www.youtube.com\/watch?v=CGs3_1qKl34\" id=\"link_0\">Esto otro<\/a>  el teaser. Ya colgaremos las im\u00e1genes de los robots, que las tenemos. Va de ciencia ficci\u00f3n. Sale Sigourney Weaver, transcurre en un planeta llamado Pandora y el protagonista es un marine -\u00bfcomo los de &#8216;Alien, el regreso&#8217;?-. Se estrena el 18 de diciembre.<\/p>\n<p><strong>Actualizaci\u00f3n a las 20:15 del 17 de agosto de 2009<\/strong>: Faltan 2 d\u00edas, 10 horas y 45 minutos para el tr\u00e1iler de &#8216;Avatar&#8217;. Lo dice Apple movie trailers, \u00a1por la gloriarrr!!<\/p>\n<p><strong>Ap\u00e9ndice<\/strong>: Seg\u00fan la agencia Efe, &#8220;la mezcla de ciencia<A name=\"IDAMSGYN\" style=\"font-weight: bold; color: red;\"><\/a> ficci\u00f3n y cr\u00edtica a la xenofobia de la sociedad actual hacia los inmigrantes ilegales ha llevado a &#8216;<A href=\"http:\/\/www.imdb.com\/title\/tt1136608\/\" title=\"http:\/\/www.imdb.com\/title\/tt1136608\/\" id=\"link_0\">District 9<\/a> &#8216;, con 37 millones de d\u00f3lares (26,3 millones de euros), a lo m\u00e1s alto de la taquilla de Estados Unidos&#8221;. Ya ten\u00e9is un dato in\u00fatil m\u00e1s que comentar con los amigos durante la cena de esta noche.<\/p>\n<!-- AddThis Advanced Settings generic via filter on the_content --><!-- AddThis Share Buttons generic via filter on the_content -->","protected":false},"excerpt":{"rendered":"<p>Este post ser\u00e1 breve. A la fuerza ahorcan. Lo suyo ser\u00eda tener informaci\u00f3n a tutipl\u00e9n, acceso a los intr\u00edngulis de la postproducci\u00f3n, datos y chascarrillos sobre el asunto. Pero no. Aqu\u00ed estamos a la \u00faltima pregunta. A lo sumo, un compa\u00f1ero se va esta semana a la capital del reino a ver un avance del [&hellip;]<!-- AddThis Advanced Settings generic via filter on get_the_excerpt --><!-- AddThis Share Buttons generic via filter on get_the_excerpt --><\/p>\n","protected":false},"author":3,"featured_media":0,"comment_status":"open","ping_status":"closed","sticky":false,"template":"","format":"standard","meta":[],"categories":[2],"tags":[20,115],"_links":{"self":[{"href":"https:\/\/blogs.elcorreo.com\/punos-fuera\/wp-json\/wp\/v2\/posts\/60"}],"collection":[{"href":"https:\/\/blogs.elcorreo.com\/punos-fuera\/wp-json\/wp\/v2\/posts"}],"about":[{"href":"https:\/\/blogs.elcorreo.com\/punos-fuera\/wp-json\/wp\/v2\/types\/post"}],"author":[{"embeddable":true,"href":"https:\/\/blogs.elcorreo.com\/punos-fuera\/wp-json\/wp\/v2\/users\/3"}],"replies":[{"embeddable":true,"href":"https:\/\/blogs.elcorreo.com\/punos-fuera\/wp-json\/wp\/v2\/comments?post=60"}],"version-history":[{"count":0,"href":"https:\/\/blogs.elcorreo.com\/punos-fuera\/wp-json\/wp\/v2\/posts\/60\/revisions"}],"wp:attachment":[{"href":"https:\/\/blogs.elcorreo.com\/punos-fuera\/wp-json\/wp\/v2\/media?parent=60"}],"wp:term":[{"taxonomy":"category","embeddable":true,"href":"https:\/\/blogs.elcorreo.com\/punos-fuera\/wp-json\/wp\/v2\/categories?post=60"},{"taxonomy":"post_tag","embeddable":true,"href":"https:\/\/blogs.elcorreo.com\/punos-fuera\/wp-json\/wp\/v2\/tags?post=60"}],"curies":[{"name":"wp","href":"https:\/\/api.w.org\/{rel}","templated":true}]}}