{"id":51,"date":"2009-07-29T20:54:00","date_gmt":"2009-07-29T20:54:00","guid":{"rendered":"http:\/\/blogs.elcorreo.com\/punos-fuera\/?p=51"},"modified":"2009-07-29T20:54:00","modified_gmt":"2009-07-29T20:54:00","slug":"tron-2-0","status":"publish","type":"post","link":"https:\/\/blogs.elcorreo.com\/punos-fuera\/2009\/07\/29\/tron-2-0\/","title":{"rendered":"Tron 2.0"},"content":{"rendered":"<p>Tron, el guerrero electr\u00f3nico, volver\u00e1 a correr en su moto de luz en la versi\u00f3n &#8216;reloaded&#8217; de sus aventuras que, <A href=\"http:\/\/www.imdb.com\/title\/tt1104001\/\" title=\"http:\/\/www.imdb.com\/title\/tt1104001\/\" id=\"link_2\">si la IMDB no miente <\/a> , se estrenar\u00e1 en 2011. Es curioso que Disney vuelva a apostar por una fantas\u00eda digital que le trajo tantos dolores de cabeza en su d\u00eda. La revisi\u00f3n se titular\u00e1 &#8216;Tron Legacy&#8217;. En la silla de director se sienta <A href=\"http:\/\/www.imdb.com\/name\/nm2676052\/\" title=\"http:\/\/www.imdb.com\/name\/nm2676052\/\" id=\"link_1\">Joseph Kosinski<\/a> , mundialmente &#8216;conocido&#8217; por dirigir tambi\u00e9n&#8230; \u00a1la nueva revisi\u00f3n de &#8216;La fuga de Logan&#8217;!<\/p>\n<p><object style=\"border: 0pt none ; margin: 0pt; background: transparent none repeat scroll 0% 0%; -moz-background-clip: -moz-initial; -moz-background-origin: -moz-initial; -moz-background-inline-policy: -moz-initial;\" width=\"560\" height=\"340\"><param  name=\"movie\" value=\"http:\/\/www.youtube.com\/v\/a1IpPpB3iWI&#038;hl=es&#038;fs=1&#038;\"><\/param><param  name=\"allowFullScreen\" value=\"true\"><\/param><param  name=\"allowscriptaccess\" value=\"always\"><\/param><embed  src=\"\/\/www.youtube.com\/v\/a1IpPpB3iWI&#038;hl=es&#038;fs=1&#038;\" type=\"application\/x-shockwave-flash\" allowscriptaccess=\"always\" allowfullscreen=\"true\" width=\"560\" height=\"340\"><\/embed><\/object><\/p>\n<p><object style=\"border: 0pt none ; margin: 0pt; background: transparent none repeat scroll 0% 0%; -moz-background-clip: -moz-initial; -moz-background-origin: -moz-initial; -moz-background-inline-policy: -moz-initial;\" width=\"560\" height=\"340\"><param  name=\"movie\" value=\"http:\/\/www.youtube.com\/v\/v_oBZcdz-UE&#038;hl=es&#038;fs=1&#038;\"><\/param><param  name=\"allowFullScreen\" value=\"true\"><\/param><param  name=\"allowscriptaccess\" value=\"always\"><\/param><embed  src=\"\/\/www.youtube.com\/v\/v_oBZcdz-UE&#038;hl=es&#038;fs=1&#038;\" type=\"application\/x-shockwave-flash\" allowscriptaccess=\"always\" allowfullscreen=\"true\" width=\"560\" height=\"340\"><\/embed><\/object><\/p>\n<!-- AddThis Advanced Settings generic via filter on the_content --><!-- AddThis Share Buttons generic via filter on the_content -->","protected":false},"excerpt":{"rendered":"<p>Tron, el guerrero electr\u00f3nico, volver\u00e1 a correr en su moto de luz en la versi\u00f3n &#8216;reloaded&#8217; de sus aventuras que, si la IMDB no miente , se estrenar\u00e1 en 2011. Es curioso que Disney vuelva a apostar por una fantas\u00eda digital que le trajo tantos dolores de cabeza en su d\u00eda. La revisi\u00f3n se titular\u00e1 [&hellip;]<!-- AddThis Advanced Settings generic via filter on get_the_excerpt --><!-- AddThis Share Buttons generic via filter on get_the_excerpt --><\/p>\n","protected":false},"author":3,"featured_media":0,"comment_status":"open","ping_status":"closed","sticky":false,"template":"","format":"standard","meta":[],"categories":[2],"tags":[258,266,267,268],"_links":{"self":[{"href":"https:\/\/blogs.elcorreo.com\/punos-fuera\/wp-json\/wp\/v2\/posts\/51"}],"collection":[{"href":"https:\/\/blogs.elcorreo.com\/punos-fuera\/wp-json\/wp\/v2\/posts"}],"about":[{"href":"https:\/\/blogs.elcorreo.com\/punos-fuera\/wp-json\/wp\/v2\/types\/post"}],"author":[{"embeddable":true,"href":"https:\/\/blogs.elcorreo.com\/punos-fuera\/wp-json\/wp\/v2\/users\/3"}],"replies":[{"embeddable":true,"href":"https:\/\/blogs.elcorreo.com\/punos-fuera\/wp-json\/wp\/v2\/comments?post=51"}],"version-history":[{"count":0,"href":"https:\/\/blogs.elcorreo.com\/punos-fuera\/wp-json\/wp\/v2\/posts\/51\/revisions"}],"wp:attachment":[{"href":"https:\/\/blogs.elcorreo.com\/punos-fuera\/wp-json\/wp\/v2\/media?parent=51"}],"wp:term":[{"taxonomy":"category","embeddable":true,"href":"https:\/\/blogs.elcorreo.com\/punos-fuera\/wp-json\/wp\/v2\/categories?post=51"},{"taxonomy":"post_tag","embeddable":true,"href":"https:\/\/blogs.elcorreo.com\/punos-fuera\/wp-json\/wp\/v2\/tags?post=51"}],"curies":[{"name":"wp","href":"https:\/\/api.w.org\/{rel}","templated":true}]}}