{"id":20,"date":"2009-06-09T15:51:00","date_gmt":"2009-06-09T15:51:00","guid":{"rendered":"http:\/\/blogs.elcorreo.com\/punos-fuera\/?p=20"},"modified":"2009-06-09T15:51:00","modified_gmt":"2009-06-09T15:51:00","slug":"gundam-olimpico","status":"publish","type":"post","link":"https:\/\/blogs.elcorreo.com\/punos-fuera\/2009\/06\/09\/gundam-olimpico\/","title":{"rendered":"Gundam Ol\u00edmpico"},"content":{"rendered":"<p><IMG src=\"\/punos-fuera\/wp-content\/uploads\/sites\/14\/Gundam1.JPG\" id=\"img_0\" class=\"imgcen\"><br \/>\nPues s\u00ed, es de verdad. Este <A href=\"http:\/\/mahq.net\/mecha\/gundam\/msgundam\/rx-78-2.htm\" title=\"http:\/\/mahq.net\/mecha\/gundam\/msgundam\/rx-78-2.htm\" id=\"link_0\">Gundam RX78<\/a>  escala 1:1 de 18 metros de altura se alza todo estupendo en un parque de Tokyo. Las fotos han sido tomadas hoy mismo. No es que las autoridades japonesas teman un asalto de las tropas de Zeon ni una invasi\u00f3n de zakus. El mecha por excelencia ha sido elegido para que forme parte de los actos de promoci\u00f3n de la capital nipona como sede de los Juegos Ol\u00edmpicos de 2016. La iniciativa se llama <A href=\"http:\/\/www.gundam30th.net\/event\/real-g.html\" title=\"http:\/\/www.gundam30th.net\/event\/real-g.html\" id=\"link_0\">\u2018Green Tokyo Gundam Project\u2019<\/a> y celebra el 30 aniversario de la primera emisi\u00f3n del anime original, \u2018Mobile Suit <A href=\"http:\/\/www.gundam.jp\/\" title=\"http:\/\/www.gundam.jp\/\" id=\"link_1\">Gundam<\/a> \u2019 -\u2018Kido Senshi Gandamu\u2019-, de Yoshijuki Tomino, a partir del 7 de abril de 1979.<br \/>\n\u00bfSi un Gundam va a defender la candidatura ol\u00edmpica de Tokyo, con qu\u00e9 mecha se dispone a responder el Ayuntamiento de Madrid? Se admiten propuestas.<br \/>\n<IMG src=\"\/punos-fuera\/wp-content\/uploads\/sites\/14\/Gundam2.JPG\" id=\"img_1\" class=\"imgcen\"><br \/>\n<IMG src=\"\/punos-fuera\/wp-content\/uploads\/sites\/14\/Gundam3.JPG\" id=\"img_2\" class=\"imgcen\"><\/p>\n<!-- AddThis Advanced Settings generic via filter on the_content --><!-- AddThis Share Buttons generic via filter on the_content -->","protected":false},"excerpt":{"rendered":"<p>Pues s\u00ed, es de verdad. Este Gundam RX78 escala 1:1 de 18 metros de altura se alza todo estupendo en un parque de Tokyo. Las fotos han sido tomadas hoy mismo. No es que las autoridades japonesas teman un asalto de las tropas de Zeon ni una invasi\u00f3n de zakus. El mecha por excelencia ha [&hellip;]<!-- AddThis Advanced Settings generic via filter on get_the_excerpt --><!-- AddThis Share Buttons generic via filter on get_the_excerpt --><\/p>\n","protected":false},"author":3,"featured_media":0,"comment_status":"open","ping_status":"closed","sticky":false,"template":"","format":"standard","meta":[],"categories":[2],"tags":[96,97,255,280],"_links":{"self":[{"href":"https:\/\/blogs.elcorreo.com\/punos-fuera\/wp-json\/wp\/v2\/posts\/20"}],"collection":[{"href":"https:\/\/blogs.elcorreo.com\/punos-fuera\/wp-json\/wp\/v2\/posts"}],"about":[{"href":"https:\/\/blogs.elcorreo.com\/punos-fuera\/wp-json\/wp\/v2\/types\/post"}],"author":[{"embeddable":true,"href":"https:\/\/blogs.elcorreo.com\/punos-fuera\/wp-json\/wp\/v2\/users\/3"}],"replies":[{"embeddable":true,"href":"https:\/\/blogs.elcorreo.com\/punos-fuera\/wp-json\/wp\/v2\/comments?post=20"}],"version-history":[{"count":0,"href":"https:\/\/blogs.elcorreo.com\/punos-fuera\/wp-json\/wp\/v2\/posts\/20\/revisions"}],"wp:attachment":[{"href":"https:\/\/blogs.elcorreo.com\/punos-fuera\/wp-json\/wp\/v2\/media?parent=20"}],"wp:term":[{"taxonomy":"category","embeddable":true,"href":"https:\/\/blogs.elcorreo.com\/punos-fuera\/wp-json\/wp\/v2\/categories?post=20"},{"taxonomy":"post_tag","embeddable":true,"href":"https:\/\/blogs.elcorreo.com\/punos-fuera\/wp-json\/wp\/v2\/tags?post=20"}],"curies":[{"name":"wp","href":"https:\/\/api.w.org\/{rel}","templated":true}]}}