{"id":14,"date":"2009-06-04T12:53:00","date_gmt":"2009-06-04T12:53:00","guid":{"rendered":"http:\/\/blogs.elcorreo.com\/punos-fuera\/?p=14"},"modified":"2009-06-04T12:53:00","modified_gmt":"2009-06-04T12:53:00","slug":"transformers-war-within-y-gundam-the-origin","status":"publish","type":"post","link":"https:\/\/blogs.elcorreo.com\/punos-fuera\/2009\/06\/04\/transformers-war-within-y-gundam-the-origin\/","title":{"rendered":"&#039;Transformers: War Within&#039; y &#039;Gundam: The Origin&#039;"},"content":{"rendered":"<p><IMG class=imgdcha id=img_0 src=\"\/punos-fuera\/wp-content\/uploads\/sites\/14\">Este post estaba previsto para el martes, pero como el blog depende de la actualidad -\u00a1rob\u00f3tica, por supuesto!- he tenido que posponerlo. Se trata de recomendaros dos c\u00f3mics <A id=link_1 title=http:\/\/www.normacomics.com\/main.aspx?page=co_portada&#038;mn=nov href=\"http:\/\/www.normacomics.com\/main.aspx?page=co_portada&#038;mn=nov\">reci\u00e9n publicados por Norma<\/A>.<\/p>\n<p>El primero es el volumen 1 de <A id=link_0 title=http:\/\/transformers.wikia.com\/wiki\/The_War_Within href=\"http:\/\/transformers.wikia.com\/wiki\/The_War_Within\">\u2018Transformers: War Within\u2019<\/A>, de Simon Furman -gui\u00f3n- y Don Figueroa -dibujo-, que re\u00fane los n\u00fameros 1 a 6 de la edici\u00f3n original estadounidense, publicada all\u00ed entre 2002 y 2003. Como sab\u00e9is, \u2018War Within\u2019 ofrece una nueva continuidad al pasado de los Autobots y los Decepticons en Cybertron. En este volumen, descubrimos que Optimus Prime era originalmente un archivista llamado Optronix dedicado a dejar constancia documental de los sucesos de la guerra civil que sufre Cybertron. La ca\u00edda en combate de Sentinel Prime deja sin l\u00edder a los Autobots. Para su sorpresa, Optronix es convocado por los ancestros, que le comunican que ha sido elegido nuevo Prime con el nombre de Optimus. La elecci\u00f3n no es asumida de buen grado por todos los Autobots y surge una facci\u00f3n opositora liderada por Grimlock. No cuento m\u00e1s.<\/p>\n<p>El segundo c\u00f3mic recomendado es un manga, el volumen 17 de <A id=link_2 title=http:\/\/www.mahq.net\/mecha\/gundam\/origin\/index.htm href=\"http:\/\/www.mahq.net\/mecha\/gundam\/origin\/index.htm\">\u2018Mobile Suit Gundam: The Origin\u2019<\/A>, de Yoshikazu Yasuhiko, y que todav\u00eda no he podido leer. \u00bfQue c\u00f3mo recomiendo un tebeo que apenas he ojeado? Pues porque si he llegado hasta el n\u00famero 17 de este serie ser\u00e1 porque los 16 anteriores son magn\u00edficos y la probabilidad de que este tambi\u00e9n lo sea es muy alta, \u00bfno? \u2018The Origin\u2019 es la adaptaci\u00f3n al papel <A id=link_3 title=http:\/\/www.gundamofficial.com\/features\/introduction.html href=\"http:\/\/www.gundamofficial.com\/features\/introduction.html\">de la serie anime \u2018Mobile Suit Gundam\u2019<\/A>, que b\u00e1sicamente narra la historia de Amuro Ray, que se convierte en el primer piloto casual del segundo prototipo del mecha de combate <A id=link_4 title=http:\/\/gundam.wikia.com\/wiki\/RX-78-2_Gundam href=\"http:\/\/gundam.wikia.com\/wiki\/RX-78-2_Gundam\">Gundam RX-78<\/A>, dise\u00f1ado por su padre, durante la guerra entre la Federaci\u00f3n terrestre y el Principado de Zeon. Es un cl\u00e1sico en todos los sentidos.<\/p>\n<!-- AddThis Advanced Settings generic via filter on the_content --><!-- AddThis Share Buttons generic via filter on the_content -->","protected":false},"excerpt":{"rendered":"<p>Este post estaba previsto para el martes, pero como el blog depende de la actualidad -\u00a1rob\u00f3tica, por supuesto!- he tenido que posponerlo. Se trata de recomendaros dos c\u00f3mics reci\u00e9n publicados por Norma. El primero es el volumen 1 de \u2018Transformers: War Within\u2019, de Simon Furman -gui\u00f3n- y Don Figueroa -dibujo-, que re\u00fane los n\u00fameros 1 [&hellip;]<!-- AddThis Advanced Settings generic via filter on get_the_excerpt --><!-- AddThis Share Buttons generic via filter on get_the_excerpt --><\/p>\n","protected":false},"author":3,"featured_media":0,"comment_status":"open","ping_status":"closed","sticky":false,"template":"","format":"standard","meta":[],"categories":[2],"tags":[96,170,209,260,278],"_links":{"self":[{"href":"https:\/\/blogs.elcorreo.com\/punos-fuera\/wp-json\/wp\/v2\/posts\/14"}],"collection":[{"href":"https:\/\/blogs.elcorreo.com\/punos-fuera\/wp-json\/wp\/v2\/posts"}],"about":[{"href":"https:\/\/blogs.elcorreo.com\/punos-fuera\/wp-json\/wp\/v2\/types\/post"}],"author":[{"embeddable":true,"href":"https:\/\/blogs.elcorreo.com\/punos-fuera\/wp-json\/wp\/v2\/users\/3"}],"replies":[{"embeddable":true,"href":"https:\/\/blogs.elcorreo.com\/punos-fuera\/wp-json\/wp\/v2\/comments?post=14"}],"version-history":[{"count":0,"href":"https:\/\/blogs.elcorreo.com\/punos-fuera\/wp-json\/wp\/v2\/posts\/14\/revisions"}],"wp:attachment":[{"href":"https:\/\/blogs.elcorreo.com\/punos-fuera\/wp-json\/wp\/v2\/media?parent=14"}],"wp:term":[{"taxonomy":"category","embeddable":true,"href":"https:\/\/blogs.elcorreo.com\/punos-fuera\/wp-json\/wp\/v2\/categories?post=14"},{"taxonomy":"post_tag","embeddable":true,"href":"https:\/\/blogs.elcorreo.com\/punos-fuera\/wp-json\/wp\/v2\/tags?post=14"}],"curies":[{"name":"wp","href":"https:\/\/api.w.org\/{rel}","templated":true}]}}