{"id":120,"date":"2010-05-12T13:24:00","date_gmt":"2010-05-12T13:24:00","guid":{"rendered":"http:\/\/blogs.elcorreo.com\/punos-fuera\/?p=120"},"modified":"2010-05-12T13:24:00","modified_gmt":"2010-05-12T13:24:00","slug":"super-8-ya-tenemos-trailer","status":"publish","type":"post","link":"https:\/\/blogs.elcorreo.com\/punos-fuera\/2010\/05\/12\/super-8-ya-tenemos-trailer\/","title":{"rendered":"&#039;Super 8&#039;, ya tenemos tr\u00e1iler&#8230;"},"content":{"rendered":"<p>&#8230; y parece algo as\u00ed como la fuga de Galvatr\u00f3n. &#8216;<A href=\"http:\/\/www.imdb.com\/title\/tt1650062\/board\/nest\/162580976?d=162582715&#038;p=1#162582715\" title=\"http:\/\/www.imdb.com\/title\/tt1650062\/board\/nest\/162580976?d=162582715&#038;p=1#162582715\" id=\"link_1\">Super 8<\/a> &#8216;, el proyecto ultra secreto del perdido J.J. Abrams, est\u00e1 generando una expectaci\u00f3n que no es ni normal, teniendo en cuenta que el principal m\u00e9rito de este hombre es haber creado un culebr\u00f3n acerca de una isla desierta repleta de gente que hace senderismo mientras es acosada por un exceso de contaminaci\u00f3n que suena como un tax\u00edmetro viejo. La cosa va del \u00c1rea 51 y est\u00e1 producida por Steven Spielberg, as\u00ed que tiene cierto aire a pr\u00f3logo de &#8216;Encuentros en la Tercera Fase&#8217; o a algo derivado de la primera parte de &#8216;Indiana Jones y la calavera de cristal&#8217;, aunque en los foros de IMDB ya se bromea con que pueda tratarse de una precuela de &#8216;Lost&#8217;: &#8216;Super 8: el origen del humo negro&#8217;. <A href=\"http:\/\/www.super8-movie.com\/\" title=\"http:\/\/www.super8-movie.com\/\" id=\"link_2\">La web oficial de la pel\u00edcula<\/a>  tampoco es que ayude mucho. Bueno, el caso es que <A href=\"http:\/\/trailers.apple.com\/trailers\/paramount\/super8\/\" title=\"http:\/\/trailers.apple.com\/trailers\/paramount\/super8\/\" id=\"link_0\">aqu\u00ed ten\u00e9is el tr\u00e1iler<\/a>  y pod\u00e9is entreteneros especulando sobre la naturaleza de la entidad que intenta salir de ese vag\u00f3n. Nosotros apostamos por un transformer cabreado, claro.<\/p>\n<p><object style=\"border: 0pt none ; margin: 0pt; background: transparent none repeat scroll 0% 0%; -moz-background-clip: -moz-initial; -moz-background-origin: -moz-initial; -moz-background-inline-policy: -moz-initial;\" width=\"560\" height=\"340\"><param  name=\"movie\" value=\"http:\/\/www.youtube.com\/v\/ur6aHcRNFzY&#038;hl=es_ES&#038;fs=1&#038;\"><\/param><param  name=\"allowFullScreen\" value=\"true\"><\/param><param  name=\"allowscriptaccess\" value=\"always\"><\/param><embed  src=\"\/\/www.youtube.com\/v\/ur6aHcRNFzY&#038;hl=es_ES&#038;fs=1&#038;\" type=\"application\/x-shockwave-flash\" allowscriptaccess=\"always\" allowfullscreen=\"true\" width=\"560\" height=\"340\"><\/embed><\/object> <\/p>\n<!-- AddThis Advanced Settings generic via filter on the_content --><!-- AddThis Share Buttons generic via filter on the_content -->","protected":false},"excerpt":{"rendered":"<p>&#8230; y parece algo as\u00ed como la fuga de Galvatr\u00f3n. &#8216;Super 8 &#8216;, el proyecto ultra secreto del perdido J.J. Abrams, est\u00e1 generando una expectaci\u00f3n que no es ni normal, teniendo en cuenta que el principal m\u00e9rito de este hombre es haber creado un culebr\u00f3n acerca de una isla desierta repleta de gente que hace [&hellip;]<!-- AddThis Advanced Settings generic via filter on get_the_excerpt --><!-- AddThis Share Buttons generic via filter on get_the_excerpt --><\/p>\n","protected":false},"author":3,"featured_media":0,"comment_status":"open","ping_status":"closed","sticky":false,"template":"","format":"standard","meta":[],"categories":[2],"tags":[114,229,232,258],"_links":{"self":[{"href":"https:\/\/blogs.elcorreo.com\/punos-fuera\/wp-json\/wp\/v2\/posts\/120"}],"collection":[{"href":"https:\/\/blogs.elcorreo.com\/punos-fuera\/wp-json\/wp\/v2\/posts"}],"about":[{"href":"https:\/\/blogs.elcorreo.com\/punos-fuera\/wp-json\/wp\/v2\/types\/post"}],"author":[{"embeddable":true,"href":"https:\/\/blogs.elcorreo.com\/punos-fuera\/wp-json\/wp\/v2\/users\/3"}],"replies":[{"embeddable":true,"href":"https:\/\/blogs.elcorreo.com\/punos-fuera\/wp-json\/wp\/v2\/comments?post=120"}],"version-history":[{"count":0,"href":"https:\/\/blogs.elcorreo.com\/punos-fuera\/wp-json\/wp\/v2\/posts\/120\/revisions"}],"wp:attachment":[{"href":"https:\/\/blogs.elcorreo.com\/punos-fuera\/wp-json\/wp\/v2\/media?parent=120"}],"wp:term":[{"taxonomy":"category","embeddable":true,"href":"https:\/\/blogs.elcorreo.com\/punos-fuera\/wp-json\/wp\/v2\/categories?post=120"},{"taxonomy":"post_tag","embeddable":true,"href":"https:\/\/blogs.elcorreo.com\/punos-fuera\/wp-json\/wp\/v2\/tags?post=120"}],"curies":[{"name":"wp","href":"https:\/\/api.w.org\/{rel}","templated":true}]}}