{"id":119,"date":"2010-05-11T20:06:00","date_gmt":"2010-05-11T20:06:00","guid":{"rendered":"http:\/\/blogs.elcorreo.com\/punos-fuera\/?p=119"},"modified":"2010-05-11T20:06:00","modified_gmt":"2010-05-11T20:06:00","slug":"michael-bay-se-deshace-skids-y-mudflap","status":"publish","type":"post","link":"https:\/\/blogs.elcorreo.com\/punos-fuera\/2010\/05\/11\/michael-bay-se-deshace-skids-y-mudflap\/","title":{"rendered":"Michael Bay se deshace de Skids y Mudflap"},"content":{"rendered":"<p>&#8216;Transformers 3&#8217; ser\u00e1 mejor que &#8216;Transformers 2&#8217; seguro. \u00bfPor qu\u00e9? Porque los dos insoportables autobots gemelos <A href=\"..\/punos-fuera\/2010\/3\/9\/-rotf-se-llevo-tres-razzies-y-ningun-oscar-\" title=\"http:\/\/blogs.elcorreo.com\/punos-fuera\/2010\/3\/9\/-rotf-se-llevo-tres-razzies-y-ningun-oscar-\" id=\"link_0\">Skids y Mudflap<\/a>  han sido eliminados de la historia. Lo ha confirmado el propio Michael Bay <A href=\"http:\/\/www.shootfortheedit.com\/forum\/showthread.php?7279-The-Twins-are-not-back-in-T3&#038;p=137603#post137603\" title=\"http:\/\/www.shootfortheedit.com\/forum\/showthread.php?7279-The-Twins-are-not-back-in-T3&#038;p=137603#post137603\" id=\"link_0\">en este foro<\/a>  como respuesta <A href=\"http:\/\/transformerslive.blogspot.com\/2010\/05\/transformers-3-filming-with-twins.html\" title=\"http:\/\/transformerslive.blogspot.com\/2010\/05\/transformers-3-filming-with-twins.html\" id=\"link_1\">a este post<\/a>  en el que se han colgado las primeras tomas del rodaje de &#8216;TF3&#8217;, y que pod\u00e9is ver <A href=\"http:\/\/www.youtube.com\/watch?v=gl6UYrTJMdk&#038;feature=player_embedded\" title=\"http:\/\/www.youtube.com\/watch?v=gl6UYrTJMdk&#038;feature=player_embedded\" id=\"link_3\">aqu\u00ed<\/a>  y <A href=\"http:\/\/www.youtube.com\/watch?v=cDWJIAGN8TI&#038;feature=watch_response_rev\" title=\"http:\/\/www.youtube.com\/watch?v=cDWJIAGN8TI&#038;feature=watch_response_rev\" id=\"link_4\">aqu\u00ed<\/a> . Probablemente Bay ha decidido deshacerse de ellos por <A href=\"http:\/\/en.wikipedia.org\/wiki\/Mudflap_%28Transformers%29#Transformers:_Revenge_of_the_Fallen\" title=\"http:\/\/en.wikipedia.org\/wiki\/Mudflap_(Transformers)#Transformers:_Revenge_of_the_Fallen\" id=\"link_2\">la pol\u00e9mica<\/a>  que desencadenaron los estereotipos racistas que caracterizaban a los dos insoportables personajes y que -menos es nada- se perd\u00edan en la versi\u00f3n doblada al espa\u00f1ol. Ahora s\u00f3lo falta que desaparezcan los bromazos sexuales de brocha gorda y la madre fumeta, y a lo mejor hasta sale una pel\u00edcula decente adem\u00e1s de espectacular. \u00a1Queremos a Simon Furman firmando el gui\u00f3n de &#8216;TF3&#8217; ya!<br \/>\n<IMG src=\"\/punos-fuera\/wp-content\/uploads\/sites\/14\" id=\"img_0\" class=\"imgcen\"><\/p>\n<!-- AddThis Advanced Settings generic via filter on the_content --><!-- AddThis Share Buttons generic via filter on the_content -->","protected":false},"excerpt":{"rendered":"<p>&#8216;Transformers 3&#8217; ser\u00e1 mejor que &#8216;Transformers 2&#8217; seguro. \u00bfPor qu\u00e9? Porque los dos insoportables autobots gemelos Skids y Mudflap han sido eliminados de la historia. Lo ha confirmado el propio Michael Bay en este foro como respuesta a este post en el que se han colgado las primeras tomas del rodaje de &#8216;TF3&#8217;, y que [&hellip;]<!-- AddThis Advanced Settings generic via filter on get_the_excerpt --><!-- AddThis Share Buttons generic via filter on get_the_excerpt --><\/p>\n","protected":false},"author":3,"featured_media":0,"comment_status":"open","ping_status":"closed","sticky":false,"template":"","format":"standard","meta":[],"categories":[2],"tags":[153,262],"_links":{"self":[{"href":"https:\/\/blogs.elcorreo.com\/punos-fuera\/wp-json\/wp\/v2\/posts\/119"}],"collection":[{"href":"https:\/\/blogs.elcorreo.com\/punos-fuera\/wp-json\/wp\/v2\/posts"}],"about":[{"href":"https:\/\/blogs.elcorreo.com\/punos-fuera\/wp-json\/wp\/v2\/types\/post"}],"author":[{"embeddable":true,"href":"https:\/\/blogs.elcorreo.com\/punos-fuera\/wp-json\/wp\/v2\/users\/3"}],"replies":[{"embeddable":true,"href":"https:\/\/blogs.elcorreo.com\/punos-fuera\/wp-json\/wp\/v2\/comments?post=119"}],"version-history":[{"count":0,"href":"https:\/\/blogs.elcorreo.com\/punos-fuera\/wp-json\/wp\/v2\/posts\/119\/revisions"}],"wp:attachment":[{"href":"https:\/\/blogs.elcorreo.com\/punos-fuera\/wp-json\/wp\/v2\/media?parent=119"}],"wp:term":[{"taxonomy":"category","embeddable":true,"href":"https:\/\/blogs.elcorreo.com\/punos-fuera\/wp-json\/wp\/v2\/categories?post=119"},{"taxonomy":"post_tag","embeddable":true,"href":"https:\/\/blogs.elcorreo.com\/punos-fuera\/wp-json\/wp\/v2\/tags?post=119"}],"curies":[{"name":"wp","href":"https:\/\/api.w.org\/{rel}","templated":true}]}}