{"id":115,"date":"2010-04-21T13:04:00","date_gmt":"2010-04-21T13:04:00","guid":{"rendered":"http:\/\/blogs.elcorreo.com\/punos-fuera\/?p=115"},"modified":"2010-04-21T13:04:00","modified_gmt":"2010-04-21T13:04:00","slug":"muere-carl-macek-padre-robotech","status":"publish","type":"post","link":"https:\/\/blogs.elcorreo.com\/punos-fuera\/2010\/04\/21\/muere-carl-macek-padre-robotech\/","title":{"rendered":"Muere Carl Macek, padre de &#039;Robotech&#039;"},"content":{"rendered":"<p><IMG style=\"WIDTH: 528px; HEIGHT: 398px\" id=img_0 class=imgcen src=\"\/punos-fuera\/wp-content\/uploads\/sites\/14\" width=770 height=557><\/p>\n<p>Rara vez alguna noticia relacionada con los temas de inter\u00e9s de este blog sale en los medios de comunicaci\u00f3n generalistas. Este fin de semana pasado se ha dado el caso y por el m\u00e1s triste de los motivos: <A id=link_1 title=http:\/\/www.animenewsnetwork.com\/encyclopedia\/people.php?id=3952 href=\"http:\/\/www.animenewsnetwork.com\/encyclopedia\/people.php?id=3952\">Carl Macek<\/A>, productor y guionista de animaci\u00f3n, conocido sobre todo por ser el padre de &#8216;<A id=link_3 title=http:\/\/www.robotech.com\/ href=\"http:\/\/www.robotech.com\/\">Robotech<\/A>&#8216;, muri\u00f3 el pasado s\u00e1bado, 17 de abril, a los 58 a\u00f1os.<IMG style=\"WIDTH: 120px; HEIGHT: 173px\" id=img_1 class=imgdcha src=\"\/punos-fuera\/wp-content\/uploads\/sites\/14\" width=161 height=239><\/p>\n<p>Macek fue uno de los introductores del anime en Am\u00e9rica (en TODA Am\u00e9rica) gracias a su trabajo con &#8216;Robotech&#8217; que edit\u00f3 y produjo para Harmony Gold USA a partir de tres series de animaci\u00f3n japonesas diferentes. Esa labor de edici\u00f3n fue objeto de algunas cr\u00edticas, lo que ha dado como resultado que estos d\u00edas de luto <A id=link_0 title=http:\/\/www.mania.com\/carl-macek-passes-away_article_122006.html href=\"http:\/\/www.mania.com\/carl-macek-passes-away_article_122006.html\">sea recordado en los obituarios como &#8216;controvertido&#8217;<\/A>. Tampoco es para tanto. Desde aqu\u00ed nos quedamos conque Macek contribuy\u00f3 a popularizar el anime en occidente y convirti\u00f3 &#8216;Robotech&#8217; en un mito, <A id=link_2 title=http:\/\/www.denofgeek.com\/movies\/467855\/to_the_stars_and_beyond_a_tribute_to_carl_macek.html href=\"http:\/\/www.denofgeek.com\/movies\/467855\/to_the_stars_and_beyond_a_tribute_to_carl_macek.html\">lo que no es poca cosa<\/A>. As\u00ed que descanse en paz.<\/p>\n<!-- AddThis Advanced Settings generic via filter on the_content --><!-- AddThis Share Buttons generic via filter on the_content -->","protected":false},"excerpt":{"rendered":"<p>Rara vez alguna noticia relacionada con los temas de inter\u00e9s de este blog sale en los medios de comunicaci\u00f3n generalistas. Este fin de semana pasado se ha dado el caso y por el m\u00e1s triste de los motivos: Carl Macek, productor y guionista de animaci\u00f3n, conocido sobre todo por ser el padre de &#8216;Robotech&#8216;, muri\u00f3 [&hellip;]<!-- AddThis Advanced Settings generic via filter on get_the_excerpt --><!-- AddThis Share Buttons generic via filter on get_the_excerpt --><\/p>\n","protected":false},"author":3,"featured_media":0,"comment_status":"open","ping_status":"closed","sticky":false,"template":"","format":"standard","meta":[],"categories":[2],"tags":[11,30,204],"_links":{"self":[{"href":"https:\/\/blogs.elcorreo.com\/punos-fuera\/wp-json\/wp\/v2\/posts\/115"}],"collection":[{"href":"https:\/\/blogs.elcorreo.com\/punos-fuera\/wp-json\/wp\/v2\/posts"}],"about":[{"href":"https:\/\/blogs.elcorreo.com\/punos-fuera\/wp-json\/wp\/v2\/types\/post"}],"author":[{"embeddable":true,"href":"https:\/\/blogs.elcorreo.com\/punos-fuera\/wp-json\/wp\/v2\/users\/3"}],"replies":[{"embeddable":true,"href":"https:\/\/blogs.elcorreo.com\/punos-fuera\/wp-json\/wp\/v2\/comments?post=115"}],"version-history":[{"count":0,"href":"https:\/\/blogs.elcorreo.com\/punos-fuera\/wp-json\/wp\/v2\/posts\/115\/revisions"}],"wp:attachment":[{"href":"https:\/\/blogs.elcorreo.com\/punos-fuera\/wp-json\/wp\/v2\/media?parent=115"}],"wp:term":[{"taxonomy":"category","embeddable":true,"href":"https:\/\/blogs.elcorreo.com\/punos-fuera\/wp-json\/wp\/v2\/categories?post=115"},{"taxonomy":"post_tag","embeddable":true,"href":"https:\/\/blogs.elcorreo.com\/punos-fuera\/wp-json\/wp\/v2\/tags?post=115"}],"curies":[{"name":"wp","href":"https:\/\/api.w.org\/{rel}","templated":true}]}}