{"id":113,"date":"2010-04-18T21:06:00","date_gmt":"2010-04-18T21:06:00","guid":{"rendered":"http:\/\/blogs.elcorreo.com\/punos-fuera\/?p=113"},"modified":"2010-04-18T21:06:00","modified_gmt":"2010-04-18T21:06:00","slug":"decepticon-ransack","status":"publish","type":"post","link":"https:\/\/blogs.elcorreo.com\/punos-fuera\/2010\/04\/18\/decepticon-ransack\/","title":{"rendered":"Decepticon Ransack"},"content":{"rendered":"<p><P style=\"MARGIN: 0cm 0cm 0pt\" class=MsoNormal><SPAN style=\"mso-ansi-language: ES-TRAD\" lang=ES-TRAD><FONT size=3><FONT face=\"Times New Roman\"><IMG style=\"WIDTH: 497px; HEIGHT: 318px\" id=img_0 class=imgcen src=\"\/punos-fuera\/wp-content\/uploads\/sites\/14\/r7.JPG\" width=694 height=406>Este es uno de los transformers m\u00e1s interesantes que he conocido mucho tiempo y desde ya ha pasado a ser uno de mis favoritos. Se trata de una de las figuras lanzadas por Hasbro dentro de la segunda oleada de juguetes producida a partir de la pel\u00edcula \u2018Transformers: Revenge of the Fallen\u2019. Es una figura de la gama <A id=link_0 title=http:\/\/www.unicron.us\/tf2009\/ href=\"http:\/\/www.unicron.us\/tf2009\/\">Scout Class<\/A>, que est\u00e1 a mitad de camino en cuanto a tama\u00f1o entre las Legends y las m\u00e1s grandes de la serie Deluxe. <?xml:namespace prefix = o ns = \"urn:schemas-microsoft-com:office:office\" \/><o:p><\/o:p><\/FONT><\/FONT><\/SPAN><\/p>\n<p><SPAN style=\"mso-ansi-language: ES-TRAD\" lang=ES-TRAD><FONT size=3><FONT face=\"Times New Roman\"><IMG style=\"WIDTH: 218px; HEIGHT: 275px\" id=img_2 class=imgdcha src=\"\/punos-fuera\/wp-content\/uploads\/sites\/14\/r2.JPG\" width=401 height=553>Ransack es uno de esos personajes que se cayeron del gui\u00f3n de la pel\u00edcula en las reuniones de preproducci\u00f3n despu\u00e9s de que se apuntaran unas cuantas ideas interesantes para incluirlo en la trama. En principio iba a ser un Ford T (y de hecho, as\u00ed aparece muy fugazmente en la serie de fotos que el personaje desquiciado de John Turturro atesora en el s\u00f3tano de su carnicer\u00eda) almacenado en el Smithsonian. Al final se opt\u00f3 por un biplano alem\u00e1n Albatros DIII como su modo veh\u00edculo, pero se qued\u00f3 fuera de la historia. Por lo menos de la de la pel\u00edcula, porque aparece en varios c\u00f3mics editados a partir de la misma.<o:p><\/o:p><\/FONT><\/FONT><\/SPAN><\/p>\n<p><SPAN style=\"mso-ansi-language: ES-TRAD\" lang=ES-TRAD><FONT size=3><FONT face=\"Times New Roman\">Sin embargo, Ransack tiene un curioso background. De hecho, naci\u00f3 como <A id=link_1 title=http:\/\/tfwiki.net\/wiki\/Ransack_%28G1%29 href=\"http:\/\/tfwiki.net\/wiki\/Ransack_%28G1%29\">un insecticon de <?xml:namespace prefix = st1 ns = \"urn:schemas-microsoft-com:office:smarttags\" \/><st1:PersonName w:st=\"on\" ProductID=\"la G-1\">la G-1<\/st1:PersonName><\/A> a partir de un molde fabricado por la<SPAN style=\"mso-ansi-language: ES-TRAD\" lang=ES-TRAD><FONT size=3><FONT face=\"Times New Roman\"><IMG style=\"WIDTH: 213px; HEIGHT: 175px\" id=img_3 class=imgdcha src=\"\/punos-fuera\/wp-content\/uploads\/sites\/14\" width=209 height=124><\/FONT><\/FONT><\/SPAN> firma juguetera japonesa Takatoku en 1985 en una serie que nada ten\u00eda que ver con los Transformers. Takatoku cerr\u00f3 y sus moldes fueron adquiridos por Bandai, que al no competir con Hasbro en Estados Unidos los cedi\u00f3 para que fueran fabricados all\u00ed y vendidos como Transformers. No as\u00ed en Jap\u00f3n, donde la casa de los Power Rangers compet\u00eda con Takara. En fin, que as\u00ed naci\u00f3 Ransack el decepticon, como un insecticon (de hecho, era una langosta(\u00a1) amarilla y negra).<o:p><\/o:p><\/FONT><\/FONT><\/SPAN><\/p>\n<p><SPAN style=\"mso-ansi-language: ES-TRAD\" lang=ES-TRAD><FONT size=3><FONT face=\"Times New Roman\">Su <A id=link_2 title=http:\/\/tfwiki.net\/wiki\/Ransack_%28G2%29 href=\"http:\/\/tfwiki.net\/wiki\/Ransack_%28G2%29\">segunda encarnaci\u00f3n<\/A> \u2013G2, en 1<SPAN style=\"mso-ansi-language: ES-TRAD\" lang=ES-TRAD><FONT size=3><FONT face=\"Times New Roman\"><IMG id=img_4 class=imgdcha src=\"\/punos-fuera\/wp-content\/uploads\/sites\/14\"><\/FONT><\/FONT><\/SPAN>994- ya apuntaba la tendencia vintage que le han dado ahora, porq<SPAN style=\"mso-ansi-language: ES-TRAD\" lang=ES-TRAD><FONT size=3><FONT face=\"Times New Roman\"><IMG style=\"WIDTH: 296px; HEIGHT: 336px\" id=img_6 class=imgdcha src=\"\/punos-fuera\/wp-content\/uploads\/sites\/14\" width=224 height=452><\/FONT><\/FONT><\/SPAN>ue era un muy modificado Vought Corsair de <st1:PersonName w:st=\"on\" ProductID=\"la Segunda Guerra\"><st1:PersonName w:st=\"on\" ProductID=\"la Segunda\">la Segunda<\/st1:PersonName> Guerra<\/st1:PersonName> Mundial de color morado. Siendo un personaje muy menor, parece que siempre result\u00f3 del gusto de los creadores de transformers, porque volvi\u00f3 como MiniCon en 2003 y como retroexcavadora de fantas\u00eda en 2004. Al a\u00f1o siguiente Ransack se reencarn\u00f3 \u2013remetaliza ser\u00eda m\u00e1s correcto- en una moto futurista como parte de la serie \u2018Cybertron\u2019 de la trilog\u00eda \u2018Unicron\u2019. Hay <A id=link_3 title=http:\/\/tfwiki.net\/wiki\/Ransack_%28Cybertron%29 href=\"http:\/\/tfwiki.net\/wiki\/Ransack_%28Cybertron%29\">un par de modelos<\/A> en juguete de esta versi\u00f3n del personaje. Yo tengo esta que se ve en esta foto, en modo robot acompa\u00f1ado por el decepticon Scrapmetal.<o:p><\/o:p><\/FONT><\/FONT><\/SPAN><br \/>\n<SPAN style=\"mso-ansi-language: ES-TRAD\" lang=ES-TRAD><FONT size=3><FONT face=\"Times New Roman\"><\/FONT><\/FONT><\/SPAN> <P style=\"MARGIN: 0cm 0cm 0pt\" class=MsoNormal><SPAN style=\"mso-ansi-language: ES-TRAD\" lang=ES-TRAD><FONT size=3><FONT face=\"Times New Roman\">Ransack volvi\u00f3 a ser un MiniCon en 2008, hasta la llegada de \u2018ROTF\u2019, momento en el que aparece la figura de la que hablamos ahora. Como he comentado, es una figura Scout Class. En modo veh\u00edculo mide unos <st1:metricconverter w:st=\"on\" ProductID=\"11 cent\u00edmetros\">11 cent\u00edmetros<\/st1:metricconverter> de largo. En su modo robot es muy original y tiene un aire destartalado y \u2018steam-punk\u2019 muy logrado. El acabado es muy bueno, muy detallista y la pintura est\u00e1 bien aplicada. A destacar la cabeza, que tiene cierto aire cadav\u00e9rico y a la que no le faltan los t\u00edpicos ojos rojos de los decepticones. Tiene bastantes articulaciones, aunque resulta algo complicado de posar. Como defecto, hay que se\u00f1alar que las piezas se sueltan a la m\u00ednima manipulaci\u00f3n (durante la transformaci\u00f3n casi siempre), por lo que se puede decir que es uno de esos transformers de \u2018m\u00edrame y no me toques\u2019. <IMG style=\"WIDTH: 219px; HEIGHT: 308px\" id=img_7 class=imgdcha src=\"\/punos-fuera\/wp-content\/uploads\/sites\/14\/r3.JPG\" width=271 height=567><o:p><\/o:p><\/FONT><\/FONT><\/SPAN><br \/>\n<SPAN style=\"mso-ansi-language: ES-TRAD\" lang=ES-TRAD><FONT size=3><FONT face=\"Times New Roman\"><\/FONT><\/FONT><\/SPAN><\/p>\n<p> <P style=\"MARGIN: 0cm 0cm 0pt\" class=MsoNormal><SPAN style=\"mso-ansi-language: ES-TRAD\" lang=ES-TRAD><FONT size=3><FONT face=\"Times New Roman\">Si el modo robot es interesante, el modo veh\u00edculo es estupendo, como se puede ver en las fotos. Es una reproducci\u00f3n bastante realista de un biplano hist\u00f3rico al que se le han a\u00f1adido un par de detalles de fantas\u00eda (la ubicaci\u00f3n algo inveros\u00edmil de las armas, bajo los planos inferiores). Un detalle que me ha gustado mucho es que la cabeza se convierte en parte del motor del avi\u00f3n y queda muy bien integrada. Es un bonito detalle el que el emblema de la causa decepticon est\u00e9 pintado en los planos superiores, como lo estaban los emblemas de los cazas de <st1:PersonName w:st=\"on\" ProductID=\"la Primera Guerra\"><st1:PersonName w:st=\"on\" ProductID=\"la Primera\">la Primera<\/st1:PersonName> Guerra<\/st1:PersonName> Mundial.<o:p><\/o:p><\/FONT><\/FONT><\/SPAN><\/p>\n<p><SPAN style=\"mso-ansi-language: ES-TRAD\" lang=ES-TRAD><FONT size=3><FONT face=\"Times New Roman\">En conclusi\u00f3n, este transformer es una bonita figura de colecci\u00f3n, bien acabada y que luce estupendamente en modo robot y, sobre todo, en modo veh\u00edculo.<\/FONT><\/FONT><\/SPAN><br \/>\n<IMG style=\"WIDTH: 495px; HEIGHT: 316px\" id=img_10 class=imgcen src=\"\/punos-fuera\/wp-content\/uploads\/sites\/14\/r6.JPG\" width=636 height=333>  <P style=\"MARGIN: 0cm 0cm 0pt\" class=MsoNormal><SPAN style=\"mso-ansi-language: ES-TRAD\" lang=ES-TRAD><FONT size=3><FONT face=\"Times New Roman\">Consejo para pap\u00e1 y mam\u00e1: Aunque es una figura muy bonita y original, este Ransack falla como juguete para los chavales. Es demasiado fr\u00e1gil y las piezas se sueltan con facilidad. Est\u00e1 indicado para mayores de 5 a\u00f1os, pero a poco que vuestros ni\u00f1os y ni\u00f1as sean muy guerreros el robot acabar\u00e1 mutilado tras la primera batalla dom\u00e9stico infantil en la que participe. Adem\u00e1s, la transformaci\u00f3n es bastante complicada (como de costumbre, las \u2018instrucciones\u2019 no es que ayuden mucho). S\u00f3lo para cr\u00edos muy cuidadosos con sus juguetes. De esos que los siguen coleccionando cuando cumplen los 40 a\u00f1os \ud83d\ude09<o:p><\/o:p><\/FONT><\/FONT><\/SPAN><\/p>\n<!-- AddThis Advanced Settings generic via filter on the_content --><!-- AddThis Share Buttons generic via filter on the_content -->","protected":false},"excerpt":{"rendered":"<p>Este es uno de los transformers m\u00e1s interesantes que he conocido mucho tiempo y desde ya ha pasado a ser uno de mis favoritos. Se trata de una de las figuras lanzadas por Hasbro dentro de la segunda oleada de juguetes producida a partir de la pel\u00edcula \u2018Transformers: Revenge of the Fallen\u2019. Es una figura [&hellip;]<!-- AddThis Advanced Settings generic via filter on get_the_excerpt --><!-- AddThis Share Buttons generic via filter on get_the_excerpt --><\/p>\n","protected":false},"author":3,"featured_media":0,"comment_status":"open","ping_status":"closed","sticky":false,"template":"","format":"standard","meta":[],"categories":[2],"tags":[101,123,192,260],"_links":{"self":[{"href":"https:\/\/blogs.elcorreo.com\/punos-fuera\/wp-json\/wp\/v2\/posts\/113"}],"collection":[{"href":"https:\/\/blogs.elcorreo.com\/punos-fuera\/wp-json\/wp\/v2\/posts"}],"about":[{"href":"https:\/\/blogs.elcorreo.com\/punos-fuera\/wp-json\/wp\/v2\/types\/post"}],"author":[{"embeddable":true,"href":"https:\/\/blogs.elcorreo.com\/punos-fuera\/wp-json\/wp\/v2\/users\/3"}],"replies":[{"embeddable":true,"href":"https:\/\/blogs.elcorreo.com\/punos-fuera\/wp-json\/wp\/v2\/comments?post=113"}],"version-history":[{"count":0,"href":"https:\/\/blogs.elcorreo.com\/punos-fuera\/wp-json\/wp\/v2\/posts\/113\/revisions"}],"wp:attachment":[{"href":"https:\/\/blogs.elcorreo.com\/punos-fuera\/wp-json\/wp\/v2\/media?parent=113"}],"wp:term":[{"taxonomy":"category","embeddable":true,"href":"https:\/\/blogs.elcorreo.com\/punos-fuera\/wp-json\/wp\/v2\/categories?post=113"},{"taxonomy":"post_tag","embeddable":true,"href":"https:\/\/blogs.elcorreo.com\/punos-fuera\/wp-json\/wp\/v2\/tags?post=113"}],"curies":[{"name":"wp","href":"https:\/\/api.w.org\/{rel}","templated":true}]}}