{"id":111,"date":"2010-04-15T20:02:00","date_gmt":"2010-04-15T20:02:00","guid":{"rendered":"http:\/\/blogs.elcorreo.com\/punos-fuera\/?p=111"},"modified":"2010-04-15T20:02:00","modified_gmt":"2010-04-15T20:02:00","slug":"duda-de-donde-sacan-transformers-municion","status":"publish","type":"post","link":"https:\/\/blogs.elcorreo.com\/punos-fuera\/2010\/04\/15\/duda-de-donde-sacan-transformers-municion\/","title":{"rendered":"Duda: \u00bfDe d\u00f3nde sacan los transformers la munici\u00f3n?"},"content":{"rendered":"<p><IMG src=\"\/punos-fuera\/wp-content\/uploads\/sites\/14\" id=\"img_0\" class=\"imgdcha\">Esta cuesti\u00f3n se la ha planteado m\u00e1s gente de la que parece. La \u00faltima vez que la o\u00ed en directo fue durante el estreno de &#8216;Transformers 2&#8217;: un chaval de unos 10 a\u00f1os que estaba sentado un par de filas por detr\u00e1s de la m\u00eda le preguntaba a un colega &#8220;\u00bfde d\u00f3nde sacan las balas y misiles que disparan? \u00bfLas fabrican?&#8221; Ayer me la planteaba un amigo por Facebook. Pues bien. \u00bfLa respuesta?<\/p>\n<p><em>&#8220;La teor\u00eda es que a ellos les crecen armas como a nosotros nos crecen u\u00f1as y pelo, continuamente regeneramos esas partes de nuestro cuerpo, y ellos deben de hacer lo mismo. No es precisamente justo, que digamos&#8221;.<\/em><\/p>\n<p>Pues no, es una cabronada, que dir\u00eda Predator. La explicaci\u00f3n susodicha la da un agente secreto del Sector 7 en el c\u00f3mic &#8216;El reinado de Starscream&#8217;, de Chris Mowry, Chris Ryall y Alex Milne, editado por Norma Editorial. No es que sea una aclaraci\u00f3n can\u00f3nica, pero es un planteamiento interesante. Los transformers consumen energon&#8230; \u00a1y les salen ca\u00f1ones y proyectiles!<\/p>\n<p><IMG src=\"\/punos-fuera\/wp-content\/uploads\/sites\/14\" id=\"img_1\" class=\"imgcen\"><\/p>\n<!-- AddThis Advanced Settings generic via filter on the_content --><!-- AddThis Share Buttons generic via filter on the_content -->","protected":false},"excerpt":{"rendered":"<p>Esta cuesti\u00f3n se la ha planteado m\u00e1s gente de la que parece. La \u00faltima vez que la o\u00ed en directo fue durante el estreno de &#8216;Transformers 2&#8217;: un chaval de unos 10 a\u00f1os que estaba sentado un par de filas por detr\u00e1s de la m\u00eda le preguntaba a un colega &#8220;\u00bfde d\u00f3nde sacan las balas [&hellip;]<!-- AddThis Advanced Settings generic via filter on get_the_excerpt --><!-- AddThis Share Buttons generic via filter on get_the_excerpt --><\/p>\n","protected":false},"author":3,"featured_media":0,"comment_status":"open","ping_status":"closed","sticky":false,"template":"","format":"standard","meta":[],"categories":[2],"tags":[260],"_links":{"self":[{"href":"https:\/\/blogs.elcorreo.com\/punos-fuera\/wp-json\/wp\/v2\/posts\/111"}],"collection":[{"href":"https:\/\/blogs.elcorreo.com\/punos-fuera\/wp-json\/wp\/v2\/posts"}],"about":[{"href":"https:\/\/blogs.elcorreo.com\/punos-fuera\/wp-json\/wp\/v2\/types\/post"}],"author":[{"embeddable":true,"href":"https:\/\/blogs.elcorreo.com\/punos-fuera\/wp-json\/wp\/v2\/users\/3"}],"replies":[{"embeddable":true,"href":"https:\/\/blogs.elcorreo.com\/punos-fuera\/wp-json\/wp\/v2\/comments?post=111"}],"version-history":[{"count":0,"href":"https:\/\/blogs.elcorreo.com\/punos-fuera\/wp-json\/wp\/v2\/posts\/111\/revisions"}],"wp:attachment":[{"href":"https:\/\/blogs.elcorreo.com\/punos-fuera\/wp-json\/wp\/v2\/media?parent=111"}],"wp:term":[{"taxonomy":"category","embeddable":true,"href":"https:\/\/blogs.elcorreo.com\/punos-fuera\/wp-json\/wp\/v2\/categories?post=111"},{"taxonomy":"post_tag","embeddable":true,"href":"https:\/\/blogs.elcorreo.com\/punos-fuera\/wp-json\/wp\/v2\/tags?post=111"}],"curies":[{"name":"wp","href":"https:\/\/api.w.org\/{rel}","templated":true}]}}