{"id":110,"date":"2010-04-15T17:47:00","date_gmt":"2010-04-15T17:47:00","guid":{"rendered":"http:\/\/blogs.elcorreo.com\/punos-fuera\/?p=110"},"modified":"2010-04-15T17:47:00","modified_gmt":"2010-04-15T17:47:00","slug":"la-primera-pelicula-zombis-euskadi-nace-facebook","status":"publish","type":"post","link":"https:\/\/blogs.elcorreo.com\/punos-fuera\/2010\/04\/15\/la-primera-pelicula-zombis-euskadi-nace-facebook\/","title":{"rendered":"La primera pel\u00edcula de zombis de Euskadi nace en Facebook"},"content":{"rendered":"<p><IMG src=\"\/punos-fuera\/wp-content\/uploads\/sites\/14\" id=\"img_0\" class=\"imgdcha\" width=\"250\" height=\"341\"><em>&#8220;&#8230;queremos ver zombis paseando por La Concha, visitando el Guggenheim y comi\u00e9ndose pintxos de intestino crudo&#8221;<\/em>, se puede leer en el perfil de la fanpage de Facebook <A href=\"http:\/\/www.facebook.com\/pages\/QUEREMOS-HACER-LA-PRIMERA-PELICULA-DE-ZOMBIS-DE-EUSKADI\/351070378492?v=info&#038;ref=t#%21\/pages\/QUEREMOS-HACER-LA-PRIMERA-PELICULA-DE-ZOMBIS-DE-EUSKADI\/351070378492?v=wall\" title=\"http:\/\/www.facebook.com\/pages\/QUEREMOS-HACER-LA-PRIMERA-PELICULA-DE-ZOMBIS-DE-EUSKADI\/351070378492?v=info&#038;ref=t#!\/pages\/QUEREMOS-HACER-LA-PRIMERA-PELICULA-DE-ZOMBIS-DE-EUSKADI\/351070378492?v=wall\" id=\"link_0\">Queremos hacer la primera pel\u00edcula de zombis en Euskadi<\/a> &#8216;, p\u00e1gina que ya cuenta con 389 seguidores. No sabemos si va de co\u00f1a o qu\u00e9, pero desde aqu\u00ed apoyamos el proyecto, faltar\u00eda m\u00e1s, porque ya va siendo hora de que veamos algo as\u00ed por aqu\u00ed. No es la primera vez que se plantea. En una edici\u00f3n anterior de Fant alguien sugiri\u00f3 una historia de muertos vivientes en Bilbao en la que los humanos supervivientes intentaban huir a trav\u00e9s de la pasarela de Calatrava&#8230; pero como hab\u00eda llovido \u00a1Estaban perdidos!!!!<\/p>\n<p>La info de la p\u00e1gina incluye el siguiente MANIFIESTO ZOMBI, que reproducimos con gusto:<br \/>\n<em>El sector audiovisual en Euskadi vive momentos m\u00e1s que dif\u00edciles. Tanto, que producir un largometraje es casi acto suicida. Los m\u00e9todos de producci\u00f3n usuales ya no sirven y las subvenciones se han reducido notablemente, y lo que es peor, hay un mayor control sobre el contenido.  Nuestro objetivo es intentar cambiar las cosas. Primero, apoyando una pel\u00edcula de g\u00e9nero y pol\u00edticamente incorrecta. Segundo, pasando de las ayudas p\u00fablicas y apostando por la libertad creativa. Y tercero y lo que es m\u00e1s importante, utilizando una f\u00f3rmula de producci\u00f3n horizontal: con la ayuda y participaci\u00f3n de todos vosotros. Nosotros asumimos la producci\u00f3n ejecutiva.  Queremos hacer una pel\u00edcula de bajo presupuesto, pero profesional, con todas las dificultades que ello supone. No se trata de coger una c\u00e1mara, rodarla entre unos cuantos amigos y que se olvide en un caj\u00f3n. Queremos una distribuci\u00f3n en salas de cine y festivales. Pero todo eso exige tiempo y negociaci\u00f3n. Este proyecto no es algo a corto plazo.  Todav\u00eda no tenemos financiaci\u00f3n, no tenemos apoyos de las grandes productoras. Pero tenemos y tendremos algo mucho m\u00e1s importante: gente que quiera ver esta pel\u00edcula. Tenemos las puertas cerradas, pero cuantos m\u00e1s seamos, cuanta m\u00e1s gente apoye este proyecto, m\u00e1s puertas se abrir\u00e1n y con mejor cara nos recibir\u00e1n. Para dos objetivos se ha creado esta p\u00e1gina. El primero es lograr una enorme base social.<\/em><\/p>\n<p>Y adem\u00e1s se describe c\u00f3mo ser\u00e1 la pel\u00edcula, que podr\u00eda acabar como una especie de &#8216;Shaun of the dead&#8217; a la vasca.<\/p>\n<p>Sobre la pel\u00edcula se detalla que<\/p>\n<p><em>En el tiempo que lleva la p\u00e1gina activa, hemos concretado lo siguiente:  1-La pel\u00edcula se dividir\u00e1 en tres historias paralelas, que en determinados momentos se cruzar\u00e1n. Un rollo Tarantino o I\u00f1\u00e1rritu, pero con zombis. Digamos que ser\u00e1 un largometraje dividido en tres mediometrajes.  2-Su duraci\u00f3n total ser\u00e1 de entre los 80 y 85 minutos.  3-Una historia se desarrollar\u00e1 en Gasteiz, otra en Bilbo y la otra en Donosti.  4-El g\u00e9nero elegido ser\u00e1 el de terror-gore con grandes dosis de humor negro.  5-La trama se desarrollar\u00e1 varios meses despu\u00e9s de la epidemia-zombi: ciudades desiertas con grupos de supervivientes.  6-Se har\u00e1n constantes gui\u00f1os sat\u00edricos a la realidad pol\u00edtica y social de Euskadi. Tambi\u00e9n a los clich\u00e9s culturales. Meteremos ca\u00f1a a diestro y siniestro.  7-Se trata a fin de cuentas de re\u00edrnos de la imagen que se tiene de nosotros en el exterior. De ese modo, conseguiremos que la gente que no sea de Euskadi quiera ver tambi\u00e9n la pel\u00edcula.<\/em><\/p>\n<p>Desde luego, peor que las \u00faltimas de Romero no ser\u00e1 y teniendo en cuenta que lo \u00faltimo decente en cine fant\u00e1stico que sali\u00f3 de aqu\u00ed fue &#8216;<A href=\"http:\/\/www.abandomoviez.net\/db\/pelicula.php?film=1017\" title=\"http:\/\/www.abandomoviez.net\/db\/pelicula.php?film=1017\" id=\"link_1\">Malenka, la sobrina del vampiro<\/a> &#8216; (1968), de Amando de Ossorio (bueeeeeeno, y &#8216;Acci\u00f3n Mutante&#8217;) la idea nos parece genial. Una vez Juan Piquer Sim\u00f3n me coment\u00f3 que estuvo a punto de rodar &#8216;Orca, la ballena asesina 2&#8217; en Bilbao y&#8230; pero bueno, eso es otra historia.<\/p>\n<p>Y por cierto&#8230; \u00bfQu\u00e9 ha sido de &#8216;Almas sin due\u00f1o&#8217;, de don Tinieblas Gonz\u00e1lez, rodada en el metro bilba\u00edno?<\/p>\n<p><object style=\"border: 0pt none ; margin: 0pt; background: transparent none repeat scroll 0% 0%; -moz-background-clip: -moz-initial; -moz-background-origin: -moz-initial; -moz-background-inline-policy: -moz-initial;\" width=\"480\" height=\"385\"><param  name=\"movie\" value=\"http:\/\/www.youtube.com\/v\/9da9yhQD4lE&#038;hl=es_ES&#038;fs=1&#038;\"><\/param><param  name=\"allowFullScreen\" value=\"true\"><\/param><param  name=\"allowscriptaccess\" value=\"always\"><\/param><embed  src=\"\/\/www.youtube.com\/v\/9da9yhQD4lE&#038;hl=es_ES&#038;fs=1&#038;\" type=\"application\/x-shockwave-flash\" allowscriptaccess=\"always\" allowfullscreen=\"true\" width=\"480\" height=\"385\"><\/embed><\/object><\/p>\n<!-- AddThis Advanced Settings generic via filter on the_content --><!-- AddThis Share Buttons generic via filter on the_content -->","protected":false},"excerpt":{"rendered":"<p>&#8220;&#8230;queremos ver zombis paseando por La Concha, visitando el Guggenheim y comi\u00e9ndose pintxos de intestino crudo&#8221;, se puede leer en el perfil de la fanpage de Facebook Queremos hacer la primera pel\u00edcula de zombis en Euskadi &#8216;, p\u00e1gina que ya cuenta con 389 seguidores. No sabemos si va de co\u00f1a o qu\u00e9, pero desde aqu\u00ed [&hellip;]<!-- AddThis Advanced Settings generic via filter on get_the_excerpt --><!-- AddThis Share Buttons generic via filter on get_the_excerpt --><\/p>\n","protected":false},"author":3,"featured_media":0,"comment_status":"open","ping_status":"closed","sticky":false,"template":"","format":"standard","meta":[],"categories":[2],"tags":[74,180,284],"_links":{"self":[{"href":"https:\/\/blogs.elcorreo.com\/punos-fuera\/wp-json\/wp\/v2\/posts\/110"}],"collection":[{"href":"https:\/\/blogs.elcorreo.com\/punos-fuera\/wp-json\/wp\/v2\/posts"}],"about":[{"href":"https:\/\/blogs.elcorreo.com\/punos-fuera\/wp-json\/wp\/v2\/types\/post"}],"author":[{"embeddable":true,"href":"https:\/\/blogs.elcorreo.com\/punos-fuera\/wp-json\/wp\/v2\/users\/3"}],"replies":[{"embeddable":true,"href":"https:\/\/blogs.elcorreo.com\/punos-fuera\/wp-json\/wp\/v2\/comments?post=110"}],"version-history":[{"count":0,"href":"https:\/\/blogs.elcorreo.com\/punos-fuera\/wp-json\/wp\/v2\/posts\/110\/revisions"}],"wp:attachment":[{"href":"https:\/\/blogs.elcorreo.com\/punos-fuera\/wp-json\/wp\/v2\/media?parent=110"}],"wp:term":[{"taxonomy":"category","embeddable":true,"href":"https:\/\/blogs.elcorreo.com\/punos-fuera\/wp-json\/wp\/v2\/categories?post=110"},{"taxonomy":"post_tag","embeddable":true,"href":"https:\/\/blogs.elcorreo.com\/punos-fuera\/wp-json\/wp\/v2\/tags?post=110"}],"curies":[{"name":"wp","href":"https:\/\/api.w.org\/{rel}","templated":true}]}}