{"id":11,"date":"2009-06-02T18:52:00","date_gmt":"2009-06-02T18:52:00","guid":{"rendered":"http:\/\/blogs.elcorreo.com\/punos-fuera\/?p=11"},"modified":"2009-06-02T18:52:00","modified_gmt":"2009-06-02T18:52:00","slug":"escena-transformers-2","status":"publish","type":"post","link":"https:\/\/blogs.elcorreo.com\/punos-fuera\/2009\/06\/02\/escena-transformers-2\/","title":{"rendered":"Escena de &#039;Transformers 2&#039;"},"content":{"rendered":"<p>Aqu\u00ed ten\u00e9is la escena de &#8216;Revenge Of The Fallen&#8217; que se emiti\u00f3 en exclusiva hace un par de noches durante la gala de los &#8216;MTV movie awards&#8217;. Disfrutad.<\/p>\n<p> <OBJECT  height=344 width=425><PARAM NAME=\"movie\" VALUE=\"http:\/\/www.youtube.com\/v\/awb8gUwtsPo&#038;hl=es&#038;fs=1\"><PARAM NAME=\"allowFullScreen\" VALUE=\"true\"><PARAM NAME=\"allowscriptaccess\" VALUE=\"always\">  <embed     src=\"\/\/www.youtube.com\/v\/awb8gUwtsPo&#038;hl=es&#038;fs=1\" type=\"application\/x-shockwave-flash\" allowscriptaccess=\"always\" allowfullscreen=\"true\" width=\"425\" height=\"344\"><\/embed><\/OBJECT><\/p>\n<!-- AddThis Advanced Settings generic via filter on the_content --><!-- AddThis Share Buttons generic via filter on the_content -->","protected":false},"excerpt":{"rendered":"<p>Aqu\u00ed ten\u00e9is la escena de &#8216;Revenge Of The Fallen&#8217; que se emiti\u00f3 en exclusiva hace un par de noches durante la gala de los &#8216;MTV movie awards&#8217;. Disfrutad.<!-- AddThis Advanced Settings generic via filter on get_the_excerpt --><!-- AddThis Share Buttons generic via filter on get_the_excerpt --><\/p>\n","protected":false},"author":3,"featured_media":0,"comment_status":"open","ping_status":"closed","sticky":false,"template":"","format":"standard","meta":[],"categories":[2],"tags":[19,54,149,199,214,260],"_links":{"self":[{"href":"https:\/\/blogs.elcorreo.com\/punos-fuera\/wp-json\/wp\/v2\/posts\/11"}],"collection":[{"href":"https:\/\/blogs.elcorreo.com\/punos-fuera\/wp-json\/wp\/v2\/posts"}],"about":[{"href":"https:\/\/blogs.elcorreo.com\/punos-fuera\/wp-json\/wp\/v2\/types\/post"}],"author":[{"embeddable":true,"href":"https:\/\/blogs.elcorreo.com\/punos-fuera\/wp-json\/wp\/v2\/users\/3"}],"replies":[{"embeddable":true,"href":"https:\/\/blogs.elcorreo.com\/punos-fuera\/wp-json\/wp\/v2\/comments?post=11"}],"version-history":[{"count":0,"href":"https:\/\/blogs.elcorreo.com\/punos-fuera\/wp-json\/wp\/v2\/posts\/11\/revisions"}],"wp:attachment":[{"href":"https:\/\/blogs.elcorreo.com\/punos-fuera\/wp-json\/wp\/v2\/media?parent=11"}],"wp:term":[{"taxonomy":"category","embeddable":true,"href":"https:\/\/blogs.elcorreo.com\/punos-fuera\/wp-json\/wp\/v2\/categories?post=11"},{"taxonomy":"post_tag","embeddable":true,"href":"https:\/\/blogs.elcorreo.com\/punos-fuera\/wp-json\/wp\/v2\/tags?post=11"}],"curies":[{"name":"wp","href":"https:\/\/api.w.org\/{rel}","templated":true}]}}