{"id":91,"date":"2009-10-06T13:53:00","date_gmt":"2009-10-06T13:53:00","guid":{"rendered":"http:\/\/blogs.elcorreo.com\/plazadegaraje\/?p=91"},"modified":"2009-10-06T13:53:00","modified_gmt":"2009-10-06T13:53:00","slug":"massa-vuelve-subirse-un-ferrari","status":"publish","type":"post","link":"https:\/\/blogs.elcorreo.com\/plazadegaraje\/2009\/10\/06\/massa-vuelve-subirse-un-ferrari\/","title":{"rendered":"Massa vuelve a subirse a un Ferrari"},"content":{"rendered":"<p>Felipe Massa no ve la hora en la que por fin vuelva a subirse al caballo. Tras el grave accidente que casi le cuesta la vida en Hungr\u00eda, el piloto brasile\u00f1o est\u00e1 deseando recuperar los mandos de su monoplaza. El mando del equipo, que por otro lado nunca lo tuvo del todo, es ya una tarea m\u00e1s complicada. <\/p>\n<p>Pero la historia de la que quer\u00eda hablaros no es que la FIA haya autorizado al subcampe\u00f3n del \u00faltimo mundial a ponerse al volante de un F\u00f3rmula Uno. Me ha parecido m\u00e1s curiosa la maniobra de su empresa que aprovechando la visita de Massa a las instalaciones de Maranello lo ha fotografiado (y difundido la instant\u00e1nea, claro) mont\u00e1ndose en un precioso y reci\u00e9n salido de f\u00e1brica Ferrari 458.<br \/>\n<IMG src=\"\/plazadegaraje\/files\/masa.jpg\" id=\"img_0\" class=\"imgcen\"><\/p>\n<p>\u00bfAlguien piensa que el superdeportivo necesita tanta publicidad?<\/p>\n<p>Estamos ante un veh\u00edculo de 578 CV con un motor V8 y 4.5 litros de cilindrada. Vamos, que su p\u00fablico objetivo no somos ni tu ni yo.<br \/>\nA todos nos gustar\u00eda conducirlo, alcanzar los 325 km\/h y notar la incre\u00edble sensaci\u00f3n de pasar de 0 a 100 en 3,5 segundos.  Claro que \u00fatil, lo que se dice \u00fatil no es mucho. Consume m\u00e1s de 13 litros a los 100 (el m\u00edo no llega a los 5) y sus emisiones de CO2, esto s\u00ed que es espectacular, son de 320 gramos por kil\u00f3metro. Hay que tener un gran daltonismo para confundir esta flecha roja con un coche verde.<br \/>\nEso s\u00ed, gracias a su doble embrague heredado de la F\u00f3rmula Uno, se pasa de una marcha a otra en tan s\u00f3lo 0,06 segundos.  El problema es que ni a ti, ni a m\u00ed nos importa demasiado todo esto. \u00bfCu\u00e1nto tardan los engranajes de tu caja de cambios en moverse? Yo me conformo con que no rasquen demasiado.<\/p>\n<p>Ah. Todas estas excusas son para no decir lo que cuesta y que no podr\u00edamos pagarlo ni trabajando tres vidas. Ferrari tampoco tiene prisa en aclararlo y lo m\u00e1s seguro es que al que piensa en comprarse uno tampoco le importe.<\/p>\n<!-- AddThis Advanced Settings generic via filter on the_content --><!-- AddThis Share Buttons generic via filter on the_content -->","protected":false},"excerpt":{"rendered":"<p>Felipe Massa no ve la hora en la que por fin vuelva a subirse al caballo. Tras el grave accidente que casi le cuesta la vida en Hungr\u00eda, el piloto brasile\u00f1o est\u00e1 deseando recuperar los mandos de su monoplaza. El mando del equipo, que por otro lado nunca lo tuvo del todo, es ya una [&hellip;]<!-- AddThis Advanced Settings generic via filter on get_the_excerpt --><!-- AddThis Share Buttons generic via filter on get_the_excerpt --><\/p>\n","protected":false},"author":51,"featured_media":0,"comment_status":"open","ping_status":"closed","sticky":false,"template":"","format":"standard","meta":[],"categories":[2],"tags":[],"_links":{"self":[{"href":"https:\/\/blogs.elcorreo.com\/plazadegaraje\/wp-json\/wp\/v2\/posts\/91"}],"collection":[{"href":"https:\/\/blogs.elcorreo.com\/plazadegaraje\/wp-json\/wp\/v2\/posts"}],"about":[{"href":"https:\/\/blogs.elcorreo.com\/plazadegaraje\/wp-json\/wp\/v2\/types\/post"}],"author":[{"embeddable":true,"href":"https:\/\/blogs.elcorreo.com\/plazadegaraje\/wp-json\/wp\/v2\/users\/51"}],"replies":[{"embeddable":true,"href":"https:\/\/blogs.elcorreo.com\/plazadegaraje\/wp-json\/wp\/v2\/comments?post=91"}],"version-history":[{"count":0,"href":"https:\/\/blogs.elcorreo.com\/plazadegaraje\/wp-json\/wp\/v2\/posts\/91\/revisions"}],"wp:attachment":[{"href":"https:\/\/blogs.elcorreo.com\/plazadegaraje\/wp-json\/wp\/v2\/media?parent=91"}],"wp:term":[{"taxonomy":"category","embeddable":true,"href":"https:\/\/blogs.elcorreo.com\/plazadegaraje\/wp-json\/wp\/v2\/categories?post=91"},{"taxonomy":"post_tag","embeddable":true,"href":"https:\/\/blogs.elcorreo.com\/plazadegaraje\/wp-json\/wp\/v2\/tags?post=91"}],"curies":[{"name":"wp","href":"https:\/\/api.w.org\/{rel}","templated":true}]}}