{"id":266,"date":"2011-07-18T18:57:00","date_gmt":"2011-07-18T18:57:00","guid":{"rendered":"http:\/\/blogs.elcorreo.com\/plazadegaraje\/?p=266"},"modified":"2011-07-18T18:57:00","modified_gmt":"2011-07-18T18:57:00","slug":"18-julio-dia-comenzo-leyenda","status":"publish","type":"post","link":"https:\/\/blogs.elcorreo.com\/plazadegaraje\/2011\/07\/18\/18-julio-dia-comenzo-leyenda\/","title":{"rendered":"18 de julio, el d\u00eda que comenz\u00f3 la leyenda"},"content":{"rendered":"<p><span class=\"Apple-style-span\" style=\"border-collapse: separate; color: rgb(0, 0, 0); font-family: 'Times New Roman'; font-style: normal; font-variant: normal; font-weight: normal; letter-spacing: normal; line-height: normal; orphans: 2; text-align: -webkit-auto; text-indent: 0px; text-transform: none; white-space: normal; widows: 2; word-spacing: 0px; -webkit-border-horizontal-spacing: 0px; -webkit-border-vertical-spacing: 0px; -webkit-text-decorations-in-effect: none; -webkit-text-size-adjust: auto; -webkit-text-stroke-width: 0px; font-size: medium; \"><span class=\"Apple-style-span\" style=\"-webkit-border-horizontal-spacing: 2px; -webkit-border-vertical-spacing: 2px; \"><\/p>\n<div class=\"titleTele\" style=\"font-size: 13px; \"><font class=\"Apple-style-span\" face=\"Arial, Helvetica, 'Microsoft Yahei', sans-serif\">La mayor\u00eda del mundo recordar\u00e1 aquel domingo como uno m\u00e1s. Tampoco es que sucediera nada fuera de lo normal. La posici\u00f3n que ocup\u00f3 tampoco fue como para lanzar cohetes: fue d\u00e9cimo segundo.<br \/>\nLo importante aquel 18 de julio de 1948 es que <A href=\"http:\/\/es.wikipedia.org\/wiki\/Juan_Manuel_Fangio\" title=\"http:\/\/es.wikipedia.org\/wiki\/Juan_Manuel_Fangio\" id=\"link_0\">Juan Manuel Fangio<\/a> <font class=\"Apple-style-span\" face=\"Arial, Helvetica, 'Microsoft Yahei', sans-serif\"> debut\u00f3 como piloto de F\u00f3rmula 1. Bueno, fue su primera carrera en un Gran Prix del circuito europeo, ya que no ser\u00eda piloto oficial hasta 1950.  Luego llegar\u00edan los cinco t\u00edtulos mundiales (1951, 54, 55, 56, 57) y la leyenda de un piloto al que muchos consideran el m\u00e1s grande del gran circo. <\/span><\/span><\/div>\n<div class=\"titleTele\" style=\"font-size: 13px; \"><font class=\"Apple-style-span\" face=\"Arial, Helvetica, 'Microsoft Yahei', sans-serif\"><font class=\"Apple-style-span\" face=\"Arial, Helvetica, 'Microsoft Yahei', sans-serif\"><span class=\"Apple-style-span\" style=\"font-family: Arial, Helvetica, 'Microsoft Yahei', sans-serif; \"><br \/>\n<\/span><\/span><\/span><\/div>\n<div class=\"titleTele\" style=\"font-size: 13px; \"><font class=\"Apple-style-span\" face=\"Arial, Helvetica, 'Microsoft Yahei', sans-serif\"><font class=\"Apple-style-span\" face=\"Arial, Helvetica, 'Microsoft Yahei', sans-serif\"><span class=\"Apple-style-span\" style=\"font-family: Arial,Helvetica,'Microsoft Yahei',sans-serif;\">Si te interesa la vida El Chueco, echa un ojo a esta p\u00e1gina <\/span><\/span><\/span><A href=\"http:\/\/www.jmfangio.org\/\" title=\"http:\/\/www.jmfangio.org\/\" id=\"link_1\">http:\/\/www.jmfangio.org\/<\/a><br \/>\n<font class=\"Apple-style-span\" face=\"Arial, Helvetica, 'Microsoft Yahei', sans-serif\"><font class=\"Apple-style-span\" face=\"Arial, Helvetica, 'Microsoft Yahei', sans-serif\"><span class=\"Apple-style-span\" style=\"font-family: Arial, Helvetica, 'Microsoft Yahei', sans-serif; \"><\/p>\n<p><\/span><\/span><\/span><\/div>\n<p><\/span><\/span><font class=\"Apple-style-span\" face=\"Arial, Helvetica, 'Microsoft Yahei', sans-serif\"><font class=\"Apple-style-span\" face=\"Arial, Helvetica, 'Microsoft Yahei', sans-serif\"><br \/>\n<object style=\"border: 0pt none; background: none repeat scroll 0% 0% transparent; margin: 0pt;\" height=\"480\" width=\"600\"><param  name=\"movie\" value=\"http:\/\/www.youtube.com\/v\/xoimATBQXfA?version=3&#038;hl=es_ES&#038;rel=0\"><\/param><param  name=\"allowFullScreen\" value=\"true\"><\/param><param  name=\"allowscriptaccess\" value=\"always\"><\/param><embed  src=\"\/\/www.youtube.com\/v\/xoimATBQXfA?version=3&#038;hl=es_ES&#038;rel=0\" type=\"application\/x-shockwave-flash\" allowscriptaccess=\"always\" allowfullscreen=\"true\" height=\"480\" width=\"600\"><\/embed><\/object><br \/>\n<\/span><\/span><\/p>\n<!-- AddThis Advanced Settings generic via filter on the_content --><!-- AddThis Share Buttons generic via filter on the_content -->","protected":false},"excerpt":{"rendered":"<p>La mayor\u00eda del mundo recordar\u00e1 aquel domingo como uno m\u00e1s. Tampoco es que sucediera nada fuera de lo normal. La posici\u00f3n que ocup\u00f3 tampoco fue como para lanzar cohetes: fue d\u00e9cimo segundo. Lo importante aquel 18 de julio de 1948 es que Juan Manuel Fangio debut\u00f3 como piloto de F\u00f3rmula 1. Bueno, fue su primera [&hellip;]<!-- AddThis Advanced Settings generic via filter on get_the_excerpt --><!-- AddThis Share Buttons generic via filter on get_the_excerpt --><\/p>\n","protected":false},"author":51,"featured_media":0,"comment_status":"open","ping_status":"closed","sticky":false,"template":"","format":"standard","meta":[],"categories":[2],"tags":[],"_links":{"self":[{"href":"https:\/\/blogs.elcorreo.com\/plazadegaraje\/wp-json\/wp\/v2\/posts\/266"}],"collection":[{"href":"https:\/\/blogs.elcorreo.com\/plazadegaraje\/wp-json\/wp\/v2\/posts"}],"about":[{"href":"https:\/\/blogs.elcorreo.com\/plazadegaraje\/wp-json\/wp\/v2\/types\/post"}],"author":[{"embeddable":true,"href":"https:\/\/blogs.elcorreo.com\/plazadegaraje\/wp-json\/wp\/v2\/users\/51"}],"replies":[{"embeddable":true,"href":"https:\/\/blogs.elcorreo.com\/plazadegaraje\/wp-json\/wp\/v2\/comments?post=266"}],"version-history":[{"count":0,"href":"https:\/\/blogs.elcorreo.com\/plazadegaraje\/wp-json\/wp\/v2\/posts\/266\/revisions"}],"wp:attachment":[{"href":"https:\/\/blogs.elcorreo.com\/plazadegaraje\/wp-json\/wp\/v2\/media?parent=266"}],"wp:term":[{"taxonomy":"category","embeddable":true,"href":"https:\/\/blogs.elcorreo.com\/plazadegaraje\/wp-json\/wp\/v2\/categories?post=266"},{"taxonomy":"post_tag","embeddable":true,"href":"https:\/\/blogs.elcorreo.com\/plazadegaraje\/wp-json\/wp\/v2\/tags?post=266"}],"curies":[{"name":"wp","href":"https:\/\/api.w.org\/{rel}","templated":true}]}}