{"id":221,"date":"2011-02-08T21:05:00","date_gmt":"2011-02-08T21:05:00","guid":{"rendered":"http:\/\/blogs.elcorreo.com\/plazadegaraje\/?p=221"},"modified":"2011-02-08T21:05:00","modified_gmt":"2011-02-08T21:05:00","slug":"mercedes-bella-durmiente-cobra-vida-los-125-anos","status":"publish","type":"post","link":"https:\/\/blogs.elcorreo.com\/plazadegaraje\/2011\/02\/08\/mercedes-bella-durmiente-cobra-vida-los-125-anos\/","title":{"rendered":"Mercedes, la bella durmiente, cobra vida a los 125 a\u00f1os"},"content":{"rendered":"<p>Fue el \u00faltimo anuncio de la Super Bowl. Mercedes hab\u00eda anunciado algo grande por su 125 cumplea\u00f1os y la verdad es que la colecci\u00f3n de coches es impresionante. Personalmente, el spot no es el que m\u00e1s me ha gustado, pero la idea de que los coches cobren vida tampoco est\u00e1 mal. <\/p>\n<p> <OBJECT style=\"BORDER-BOTTOM: 0px; BORDER-LEFT: 0px; MARGIN: 0px; BACKGROUND: none transparent scroll repeat 0% 0%; BORDER-TOP: 0px; BORDER-RIGHT: 0px\" width=600 height=362><PARAM NAME=\"movie\" VALUE=\"http:\/\/www.youtube.com\/v\/UOEw3PDh8zo?fs=1&#038;hl=es_ES\"><PARAM NAME=\"allowFullScreen\" VALUE=\"true\"><PARAM NAME=\"allowscriptaccess\" VALUE=\"always\"> <embed   src=\"\/\/www.youtube.com\/v\/UOEw3PDh8zo?fs=1&#038;hl=es_ES\" type=\"application\/x-shockwave-flash\" allowscriptaccess=\"always\" allowfullscreen=\"true\" width=\"600\" height=\"362\"><\/embed><\/OBJECT><\/p>\n<!-- AddThis Advanced Settings generic via filter on the_content --><!-- AddThis Share Buttons generic via filter on the_content -->","protected":false},"excerpt":{"rendered":"<p>Fue el \u00faltimo anuncio de la Super Bowl. Mercedes hab\u00eda anunciado algo grande por su 125 cumplea\u00f1os y la verdad es que la colecci\u00f3n de coches es impresionante. Personalmente, el spot no es el que m\u00e1s me ha gustado, pero la idea de que los coches cobren vida tampoco est\u00e1 mal.<!-- AddThis Advanced Settings generic via filter on get_the_excerpt --><!-- AddThis Share Buttons generic via filter on get_the_excerpt --><\/p>\n","protected":false},"author":51,"featured_media":0,"comment_status":"open","ping_status":"closed","sticky":false,"template":"","format":"standard","meta":[],"categories":[2],"tags":[],"_links":{"self":[{"href":"https:\/\/blogs.elcorreo.com\/plazadegaraje\/wp-json\/wp\/v2\/posts\/221"}],"collection":[{"href":"https:\/\/blogs.elcorreo.com\/plazadegaraje\/wp-json\/wp\/v2\/posts"}],"about":[{"href":"https:\/\/blogs.elcorreo.com\/plazadegaraje\/wp-json\/wp\/v2\/types\/post"}],"author":[{"embeddable":true,"href":"https:\/\/blogs.elcorreo.com\/plazadegaraje\/wp-json\/wp\/v2\/users\/51"}],"replies":[{"embeddable":true,"href":"https:\/\/blogs.elcorreo.com\/plazadegaraje\/wp-json\/wp\/v2\/comments?post=221"}],"version-history":[{"count":0,"href":"https:\/\/blogs.elcorreo.com\/plazadegaraje\/wp-json\/wp\/v2\/posts\/221\/revisions"}],"wp:attachment":[{"href":"https:\/\/blogs.elcorreo.com\/plazadegaraje\/wp-json\/wp\/v2\/media?parent=221"}],"wp:term":[{"taxonomy":"category","embeddable":true,"href":"https:\/\/blogs.elcorreo.com\/plazadegaraje\/wp-json\/wp\/v2\/categories?post=221"},{"taxonomy":"post_tag","embeddable":true,"href":"https:\/\/blogs.elcorreo.com\/plazadegaraje\/wp-json\/wp\/v2\/tags?post=221"}],"curies":[{"name":"wp","href":"https:\/\/api.w.org\/{rel}","templated":true}]}}