{"id":59,"date":"2011-09-09T12:31:06","date_gmt":"2011-09-09T11:31:06","guid":{"rendered":"http:\/\/blogs.elcorreo.com\/pasamos-consulta\/?p=59"},"modified":"2011-09-09T12:31:06","modified_gmt":"2011-09-09T11:31:06","slug":"la-pildora-del-dia-despues-puede-provocar-infarto-cerebral","status":"publish","type":"post","link":"https:\/\/blogs.elcorreo.com\/pasamos-consulta\/2011\/09\/09\/la-pildora-del-dia-despues-puede-provocar-infarto-cerebral\/","title":{"rendered":"La p\u00edldora del d\u00eda despu\u00e9s puede provocar infarto cerebral"},"content":{"rendered":"<p>El consumo de <a href=\"http:\/\/www.demujer.es\/pildora-del-dia-despues-como-funciona\/\" target=\"_blank\" rel=\"external nofollow\">&#8216;la p\u00edldora del d\u00eda despu\u00e9s&#8217;<\/a> puede provocar <a href=\"http:\/\/mayores.consumer.es\/documentos\/enfermedades\/infarto_cerebral\/intro.php\" target=\"_blank\" rel=\"external nofollow\">infartos cerebrales<\/a>. El equipo de la Unidad de Ictus del <a href=\"http:\/\/www.madrid.org\/cs\/Satellite?pagename=HospitalLaPaz\/Page\/HPAZ_home\" target=\"_blank\" rel=\"external nofollow\">hospital La Paz de Madrid<\/a> ha alertado de este riesgo a la <a href=\"Agencia%20Espa%C3%B1ola%20del%20Medicamento\" target=\"_blank\">Agencia Espa\u00f1ola del Medicamento<\/a> tras haber atendido en el centro el \u00faltimo de los varios casos -los primeros-\u00a0 que se han dado ya en Espa\u00f1a. La pastilla postcoital lleg\u00f3 a las farmacias en 2001 y ocho a\u00f1os despu\u00e9s las autoridades sanitarias decidieron comenzar a suministrarla sin receta. La decisi\u00f3n pretend\u00eda hacer frente a las altas cifras de embarazos no deseados que presentaba el pa\u00eds, que entonces (2009) alcanzaron los 112.000. La medida permiti\u00f3 reducir a un tercio el n\u00famero de abortos, pero el mal uso del medicamento se dispar\u00f3 al entenderlo muchas parejas\u00a0 como un m\u00e9todo anticonceptivo m\u00e1s. &#8220;De momento son s\u00f3lo unos pocos casos, pero pensemos en que las afectadas son mujeres con una edad en la que no se ve el peligro&#8221;, advierte el jefe de servicio de Neurolog\u00eda de la Paz, <a href=\"http:\/\/neurologia.publicacionmedica.com\/spip.php?article106\" target=\"_blank\" rel=\"external nofollow\">Exuperio D\u00edez Tejedor<\/a>.<\/p>\n<p><a href=\"\/pasamos-consulta\/wp-content\/uploads\/sites\/17\/2011\/09\/pildora-dia-despues-blog3.jpg\"><img loading=\"lazy\" class=\"alignleft size-full wp-image-63\" src=\"\/pasamos-consulta\/wp-content\/uploads\/sites\/17\/2011\/09\/pildora-dia-despues-blog3.jpg\" alt=\"\" width=\"299\" height=\"448\" srcset=\"https:\/\/blogs.elcorreo.com\/pasamos-consulta\/wp-content\/uploads\/sites\/17\/2011\/09\/pildora-dia-despues-blog3.jpg 299w, https:\/\/blogs.elcorreo.com\/pasamos-consulta\/wp-content\/uploads\/sites\/17\/2011\/09\/pildora-dia-despues-blog3-200x300.jpg 200w\" sizes=\"(max-width: 299px) 100vw, 299px\" \/><\/a><\/p>\n<p>La revista <a href=\"http:\/\/www.elsevier.es\/sites\/default\/files\/elsevier\/eop\/S0025-7753%2810%2900831-6.pdf\" target=\"_blank\" rel=\"external nofollow\">&#8216;Medicina Cl\u00ednica&#8217;<\/a> recoge el caso del hospital madrile\u00f1o en uno de sus \u00faltimos n\u00fameros. Una joven de 23 a\u00f1os lleg\u00f3 una ma\u00f1ana a la Unidad de Urgencias con un episodio de disminuci\u00f3n de la fuerza y la sensibilidad en la parte derecha de su cuerpo. La paciente <a href=\"http:\/\/www.revneurol.com\/sec\/RSS\/noticias.php?idNoticia=1102\" target=\"_blank\" rel=\"external nofollow\">sol\u00eda sufrir migra\u00f1as<\/a>, intensos dolores de cabeza, que desde hace tiempo se sabe que est\u00e1n relacionadas con la aparici\u00f3n de problemas cardiovasculares en las mujeres que toman anticonceptivos orales. &#8220;Sin embargo, en la ficha t\u00e9cnica de este medicamento -relatan- no hay referencia a la aparici\u00f3n de infartos cerebrales&#8221; La joven ten\u00eda, adem\u00e1s, antecedentes familiares de ictus, pero lo que llam\u00f3 la atenci\u00f3n de los neur\u00f3logos no fue \u00e9se, sino otro dato del informe m\u00e9dico. &#8220;La tarde anterior al inicio de los s\u00edntomas&#8221; la chica hab\u00eda tomado un comprimido de &#8216;levonorgestrel&#8217;, el principio activo del anticonceptivo de emergencia femenino. Los primeros s\u00edntomas del ictus se presentaron &#8220;a la ma\u00f1ana siguiente, al despertar&#8221;. &#8220;Hay una relaci\u00f3n temporal clara&#8221;, afirma el responsable del servicio de Neurolog\u00eda de La Paz. Decidimos\u00a0 informar del asunto porque al principio pueden ser casos aislados, pero luego, poco a poco, se van acumulando. Siempre es as\u00ed&#8221;, describe.<\/p>\n<p>Los especialistas sospechan que, como sucede con los anticonceptivos tradicionales, es posible que las formulaciones de emergencia favorezcan la aparici\u00f3n de complicaciones cardiovasculares en las mujeres con cierta predisposici\u00f3n. Es decir, en las fumadoras, afectadas de migra\u00f1a o las que presenten factores de riesgo, como hipertensi\u00f3n u obesidad. Hay otro aspecto, adem\u00e1s, que consideran relevante. La dosis de levonorgestrel utilizada en las pastillas del d\u00eda despu\u00e9s es &#8220;1.000 veces mayor&#8221; que en los anticonceptivos orales cl\u00e1sicos. &#8220;El problema es que el farmac\u00e9utico pueda dar un medicamento tan potente como \u00e9ste (a una menor) sin receta m\u00e9dica y sin que lo sepan sus padres. Por un efecto adverso se denuncia a un m\u00e9dico, pero si se deja hemipl\u00e9jica a una mujer, \u00bfqui\u00e9n responde?&#8221;, se pregunta.<\/p>\n<p>El ginec\u00f3logo <a href=\"http:\/\/www.quiron.es\/servicios\/medicos\/doctor\/index.php?MTE%3D&#038;ZXM%3D&#038;&#038;MTYw\" target=\"_blank\" rel=\"external nofollow\">Gorka Barrenetxea<\/a>, catedr\u00e1tico de la especialidad en la <a href=\"http:\/\/www.medikuntza-odontologia.ehu.es\/\" target=\"_blank\" rel=\"external nofollow\">Universidad del Pa\u00eds Vasco<\/a> y jefe de servicio de Ginecolog\u00eda en el hospital Quir\u00f3n Bizkaia, duda, sin embargo, de que la anticoncepci\u00f3n de emergencia pueda desencadenar infartos cerebrales. Los anticonceptivos orales tradicionales, seg\u00fan explica, contienen dosis reducidas y sint\u00e9ticas de dos hormonas femeninas, los estr\u00f3genos y los gest\u00e1genos, que impiden la fecundaci\u00f3n por diferentes v\u00edas. A lo largo de los a\u00f1os, numerosos estudios han puesto de manifiesto, seg\u00fan Barrenetxea, la relaci\u00f3n directa que existe entre el consumo de estr\u00f3genos y la aparici\u00f3n de complicaciones vasculares de todo tipo; trombosis, infartos de miocardio, anginas de pecho, ictus. &#8220;Por eso, las mujeres fumadoras tienen contraindicado la toma de las pastillas tradicionales&#8221;, detalla. No existe evidencia cient\u00edfica, sin embargo, de que los gest\u00e1genos desencadenen este tipo de efectos secundarios. &#8220;&#8216;La pastilla del d\u00eda despu\u00e9s&#8217; no tiene estr\u00f3genos. Me parece extra\u00f1o que podamos establecer una relaci\u00f3n tan directa&#8221;, concluye.<\/p>\n<p>Diez a\u00f1os despu\u00e9s de su aparici\u00f3n en Espa\u00f1a, la detecci\u00f3n de todos estos casos a\u00f1ade un elemento m\u00e1s de discordia a los pol\u00e9micos \u2013y \u00fatiles\u2013 anticonceptivos de emergencia. Los ginec\u00f3logos fueron <a href=\"http:\/\/www.elcorreo.com\/vizcaya\/20080527\/pvasco-espana\/deberia-venderse-receta-como-20080527.html\" target=\"_blank\" rel=\"external nofollow\">quienes m\u00e1s se movilizaron<\/a> para obtener su dispensaci\u00f3n con receta con el fin de reducir la cifra de abortos; y lo lograron. Un a\u00f1o m\u00e1s tarde, un informe de la Organizaci\u00f3n M\u00e9dica Colegial alert\u00f3 de que el 94% de los m\u00e9dicos consideraba que <a href=\"http:\/\/www.elcorreo.com\/vizcaya\/v\/20101118\/sociedad\/medicos-cree-abusa-pildora-20101118.html\" target=\"_blank\" rel=\"external nofollow\">se estaba abusando<\/a> de ella. El problema, seg\u00fan recuerda Elena Artetxe, vocal del <a href=\"https:\/\/www.cofbizkaia.net\/\" target=\"_blank\" rel=\"external nofollow\">Colegio Oficial de Farmac\u00e9uticos de Bizkaia<\/a>, es que muchas mujeres, sobre todo las m\u00e1s j\u00f3venes, utilizan como m\u00e9todo anticonceptivo lo que se trata en realidad de un tratamiento de emergencia, una soluci\u00f3n terap\u00e9utica que no debe ser utilizada de forma continuada, sino puntual, en caso de crisis. La &#8216;p\u00edldora del d\u00eda despu\u00e9s&#8217; provoca una <a href=\"http:\/\/www.elcorreo.com\/vizcaya\/pg060720\/prensa\/noticias\/Portada_VIZ\/200607\/20\/VIZ-ACT-309.html\" target=\"_blank\" rel=\"external nofollow\">fuerte descarga hormonal<\/a> que desencadena la llegada prematura de la regla. Evita el embarazo, pero no las infecciones de transmisi\u00f3n sexual.<\/p>\n<!-- AddThis Advanced Settings generic via filter on the_content --><!-- AddThis Share Buttons generic via filter on the_content -->","protected":false},"excerpt":{"rendered":"<p>El consumo de &#8216;la p\u00edldora del d\u00eda despu\u00e9s&#8217; puede provocar infartos cerebrales. El equipo de la Unidad de Ictus del hospital La Paz de Madrid ha alertado de este riesgo a la Agencia Espa\u00f1ola del Medicamento tras haber atendido en el centro el \u00faltimo de los varios casos -los primeros-\u00a0 que se han dado ya [&hellip;]<!-- AddThis Advanced Settings generic via filter on get_the_excerpt --><!-- AddThis Share Buttons generic via filter on get_the_excerpt --><\/p>\n","protected":false},"author":24,"featured_media":0,"comment_status":"open","ping_status":"closed","sticky":false,"template":"","format":"standard","meta":[],"categories":[30],"tags":[51,84,225,265,316,406],"_links":{"self":[{"href":"https:\/\/blogs.elcorreo.com\/pasamos-consulta\/wp-json\/wp\/v2\/posts\/59"}],"collection":[{"href":"https:\/\/blogs.elcorreo.com\/pasamos-consulta\/wp-json\/wp\/v2\/posts"}],"about":[{"href":"https:\/\/blogs.elcorreo.com\/pasamos-consulta\/wp-json\/wp\/v2\/types\/post"}],"author":[{"embeddable":true,"href":"https:\/\/blogs.elcorreo.com\/pasamos-consulta\/wp-json\/wp\/v2\/users\/24"}],"replies":[{"embeddable":true,"href":"https:\/\/blogs.elcorreo.com\/pasamos-consulta\/wp-json\/wp\/v2\/comments?post=59"}],"version-history":[{"count":0,"href":"https:\/\/blogs.elcorreo.com\/pasamos-consulta\/wp-json\/wp\/v2\/posts\/59\/revisions"}],"wp:attachment":[{"href":"https:\/\/blogs.elcorreo.com\/pasamos-consulta\/wp-json\/wp\/v2\/media?parent=59"}],"wp:term":[{"taxonomy":"category","embeddable":true,"href":"https:\/\/blogs.elcorreo.com\/pasamos-consulta\/wp-json\/wp\/v2\/categories?post=59"},{"taxonomy":"post_tag","embeddable":true,"href":"https:\/\/blogs.elcorreo.com\/pasamos-consulta\/wp-json\/wp\/v2\/tags?post=59"}],"curies":[{"name":"wp","href":"https:\/\/api.w.org\/{rel}","templated":true}]}}