{"id":568,"date":"2014-04-01T15:03:22","date_gmt":"2014-04-01T14:03:22","guid":{"rendered":"http:\/\/blogs.elcorreo.com\/pasamos-consulta\/?p=568"},"modified":"2014-04-01T15:03:22","modified_gmt":"2014-04-01T14:03:22","slug":"las-enfermedades-que-me-han-tocado-sufrir","status":"publish","type":"post","link":"https:\/\/blogs.elcorreo.com\/pasamos-consulta\/2014\/04\/01\/las-enfermedades-que-me-han-tocado-sufrir\/","title":{"rendered":"Las enfermedades que me han tocado sufrir"},"content":{"rendered":"<p><a href=\"\/pasamos-consulta\/wp-content\/uploads\/sites\/17\/2014\/04\/Galdakao.jpg\"><img loading=\"lazy\" class=\"aligncenter size-full wp-image-569\" title=\"Mitxel Atrio \/15-02-2011\/ Galdakao. Hospital.TFGP.\" src=\"\/pasamos-consulta\/wp-content\/uploads\/sites\/17\/2014\/04\/Galdakao.jpg\" alt=\"\" width=\"448\" height=\"299\" srcset=\"https:\/\/blogs.elcorreo.com\/pasamos-consulta\/wp-content\/uploads\/sites\/17\/2014\/04\/Galdakao.jpg 448w, https:\/\/blogs.elcorreo.com\/pasamos-consulta\/wp-content\/uploads\/sites\/17\/2014\/04\/Galdakao-300x200.jpg 300w\" sizes=\"(max-width: 448px) 100vw, 448px\" \/><\/a><\/p>\n<p>A los m\u00e9dicos y pacientes con enfermedades infecciosas les gusta diferenciar entre infectado y afectado. Si habl\u00e1ramos de gripe, el infectado ser\u00eda el paciente y el afectado todo aquel que viera trastocada su vida a causa de la enfermedad. El hermano que cambia de habitaci\u00f3n, el padre o la madre que han de pedir el d\u00eda libre en el trabajo&#8230; A los ojos de muchos lectores, los periodistas parece que vivimos en una burbuja, como si el mundo de nuestro alrededor no nos afectara. Buscamos la carnaza y, ya est\u00e1, la servimos en bandeja.<\/p>\n<p>\u00bfSe cree alguien que no le afecta la crisis econ\u00f3mica a los periodistas de Econom\u00eda? \u00bfHay quien, de verdad, piensa que mi compa\u00f1ero Jes\u00fas J. Hern\u00e1ndez, que cubre para <a href=\"http:\/\/www.elcorreo.com\/\" target=\"_blank\" rel=\"external nofollow\">EL CORREO<\/a> la <a href=\"http:\/\/www.bizkaia.net\/home2\/ca_index.asp\" target=\"_blank\" rel=\"external nofollow\">Diputaci\u00f3n de Bizkaia<\/a>, se librar\u00e1 de liquidar con la Hacienda foral el impuesto del <a href=\"http:\/\/www.bizkaia.net\/home2\/renta2013.asp?bnetmobile=1&#038;idioma=CA&#038;bnetmobile=1\" target=\"_blank\" rel=\"external nofollow\">IRPF<\/a>? Pues a m\u00ed me pasa lo mismo. Escribir sobre salud no me hace inmune a la enfermedad ni al sufrimiento humano, aunque haya lectores -que los hay- que piensen lo contrario; y esta semana me he encontrado con alguno de ellos.<\/p>\n<p>Mi responsabilidad en el peri\u00f3dico es informar sobre salud y mi obligaci\u00f3n, contar las cosas que pasan, o van a pasar, teniendo en cuenta que mis principales lectores son personas que sufren. S\u00e9 que si un d\u00eda escribo sobre c\u00e1ncer, el que sea, el 90% de mis lectores ser\u00e1n enfermos que lo padecen y los familiares que les arropan. Posiblemente, la mayor\u00eda de ellos dejar\u00e1 de seguirme al d\u00eda siguiente, cuando aborde las enfermedades mentales, aunque quiz\u00e1s regrese pasado ma\u00f1ana, cuando me toque hablar sobre los \u00faltimos avances en la lucha contra el alzh\u00e9imer, que padece su madre.<\/p>\n<p>La enfermedad nos toca a todos, incluso a los periodistas. No puedo dejar de contar los efectos adversos de un tratamiento, porque haya pacientes que est\u00e9n tom\u00e1ndolo, ni la controversia existente en torno al cribado del c\u00e1ncer de mama, porque haya mujeres que hayan tenido que someterse a una mastectom\u00eda. De la misma manera que no puedo dejar de escribir sobre una patolog\u00eda determinada porque me haya tocado de cerca. Ni debe ni puede ser. Quiz\u00e1s, despu\u00e9s de tantos a\u00f1os con ellos, me pase un poco como a los m\u00e9dicos: preferir\u00eda dar noticias buenas y que todos los d\u00edas tocara <a href=\"http:\/\/www.elcorreo.com\/vizcaya\/20131223\/mas-actualidad\/sociedad\/gordo-acuerda-mondragon-201312221652.html\" target=\"_blank\" rel=\"external nofollow\">el Gordo de Navidad en Mondrag\u00f3n<\/a>, pero no me queda m\u00e1s remedio que contar lo que hay. Mi obligaci\u00f3n es informar con rigor y tambi\u00e9n con respeto, que es algo que me impongo como profesional. Quiero que mis lectores sepan exactamente qu\u00e9 les puede tocar en caso de que se enfrenten a una patolog\u00eda concreta. Los s\u00edntomas que notar\u00e1n, las terapias que les ofrecer\u00e1n, las alternativas de la cirug\u00eda, las vacunas disponibles, incluso las investigaciones en marcha. Si hay algo que la ciencia ignora o no tiene claro, se lo dir\u00e9; y si lo que publico hoy, ma\u00f1ana se demuestra incierto, tambi\u00e9n se lo contar\u00e9. Porque somos periodistas y \u00e9ste es nuestro oficio. Hacer el relato de la vida.<\/p>\n<p>Pero adem\u00e1s de periodista, resulta que tambi\u00e9n soy persona, 24 horas al d\u00eda. Cuando cerramos nuestros ordenadores, los periodistas nos encontramos con nuestros familiares y amigos. Hablamos del d\u00eda que hemos pasado, del que vendr\u00e1 ma\u00f1ana, compartimos un vaso de vino, que es cardiosaludable; nos re\u00edmos, otras veces discutimos y casi siempre nos preguntamos tambi\u00e9n por nuestros dolores. En mi entorno cercano hay o ha habido casi de todo. <a href=\"http:\/\/www.who.int\/mediacentre\/factsheets\/fs311\/es\/\" target=\"_blank\" rel=\"external nofollow\">Obesidad<\/a>, <a href=\"http:\/\/www.idf.org\/diabetesatlas\/5e\/es\/que-es-la-diabetes\" target=\"_blank\" rel=\"external nofollow\">diabetes<\/a>, <a href=\"http:\/\/www.ictussen.org\/?q=node\/90\" target=\"_blank\" rel=\"external nofollow\">ictus<\/a>, <a href=\"http:\/\/www.nlm.nih.gov\/medlineplus\/spanish\/ency\/article\/000195.htm\" target=\"_blank\" rel=\"external nofollow\">infarto de miocardio<\/a>, defectos y patolog\u00edas de <a href=\"http:\/\/www.nlm.nih.gov\/medlineplus\/spanish\/eyediseases.html\" target=\"_blank\" rel=\"external nofollow\">la visi\u00f3n<\/a>, <a href=\"http:\/\/www.nlm.nih.gov\/medlineplus\/spanish\/mentaldisorders.html\" target=\"_blank\" rel=\"external nofollow\">enfermedades psiqui\u00e1tricas<\/a>, <a href=\"http:\/\/www.who.int\/mediacentre\/factsheets\/fs362\/es\/\" target=\"_blank\" rel=\"external nofollow\">demencias<\/a>, <a href=\"http:\/\/www.laalergia.com\/\" target=\"_blank\" rel=\"external nofollow\">alergias<\/a>, hernias <a href=\"http:\/\/www.nlm.nih.gov\/medlineplus\/spanish\/ency\/article\/000960.htm\" target=\"_blank\" rel=\"external nofollow\">inguinales<\/a> y <a href=\"http:\/\/www.nlm.nih.gov\/medlineplus\/spanish\/ency\/article\/000442.htm\" target=\"_blank\" rel=\"external nofollow\">de disco<\/a>, <a href=\"http:\/\/www.rheumatology.org\/practice\/clinical\/patients\/diseases_and_conditions\/osteoporosis-esp.asp\" target=\"_blank\" rel=\"external nofollow\">lesiones \u00f3seas<\/a>, <a href=\"http:\/\/www.who.int\/features\/qa\/76\/es\/\" target=\"_blank\" rel=\"external nofollow\">hepatitis<\/a>, <a href=\"http:\/\/www.nlm.nih.gov\/medlineplus\/spanish\/ency\/article\/001592.htm\" target=\"_blank\" rel=\"external nofollow\">varicela<\/a>, <a href=\"http:\/\/www.who.int\/topics\/hiv_aids\/es\/\" target=\"_blank\" rel=\"external nofollow\">VIH-sida<\/a>,<a href=\"https:\/\/www.aecc.es\/Paginas\/PaginaPrincipal.aspx\" target=\"_blank\" rel=\"external nofollow\"> c\u00e1nceres<\/a>&#8230; La lista da para un hospital completo. Quiz\u00e1s por eso, cuando escribo, siempre tengo a alguien en mi cabeza.<\/p>\n<!-- AddThis Advanced Settings generic via filter on the_content --><!-- AddThis Share Buttons generic via filter on the_content -->","protected":false},"excerpt":{"rendered":"<p>A los m\u00e9dicos y pacientes con enfermedades infecciosas les gusta diferenciar entre infectado y afectado. Si habl\u00e1ramos de gripe, el infectado ser\u00eda el paciente y el afectado todo aquel que viera trastocada su vida a causa de la enfermedad. El hermano que cambia de habitaci\u00f3n, el padre o la madre que han de pedir el [&hellip;]<!-- AddThis Advanced Settings generic via filter on get_the_excerpt --><!-- AddThis Share Buttons generic via filter on get_the_excerpt --><\/p>\n","protected":false},"author":24,"featured_media":0,"comment_status":"open","ping_status":"open","sticky":false,"template":"","format":"standard","meta":[],"categories":[4,30],"tags":[70,110,140,155,171,181,197,198,243,265,272,290,340,370,371,463,469,473],"_links":{"self":[{"href":"https:\/\/blogs.elcorreo.com\/pasamos-consulta\/wp-json\/wp\/v2\/posts\/568"}],"collection":[{"href":"https:\/\/blogs.elcorreo.com\/pasamos-consulta\/wp-json\/wp\/v2\/posts"}],"about":[{"href":"https:\/\/blogs.elcorreo.com\/pasamos-consulta\/wp-json\/wp\/v2\/types\/post"}],"author":[{"embeddable":true,"href":"https:\/\/blogs.elcorreo.com\/pasamos-consulta\/wp-json\/wp\/v2\/users\/24"}],"replies":[{"embeddable":true,"href":"https:\/\/blogs.elcorreo.com\/pasamos-consulta\/wp-json\/wp\/v2\/comments?post=568"}],"version-history":[{"count":0,"href":"https:\/\/blogs.elcorreo.com\/pasamos-consulta\/wp-json\/wp\/v2\/posts\/568\/revisions"}],"wp:attachment":[{"href":"https:\/\/blogs.elcorreo.com\/pasamos-consulta\/wp-json\/wp\/v2\/media?parent=568"}],"wp:term":[{"taxonomy":"category","embeddable":true,"href":"https:\/\/blogs.elcorreo.com\/pasamos-consulta\/wp-json\/wp\/v2\/categories?post=568"},{"taxonomy":"post_tag","embeddable":true,"href":"https:\/\/blogs.elcorreo.com\/pasamos-consulta\/wp-json\/wp\/v2\/tags?post=568"}],"curies":[{"name":"wp","href":"https:\/\/api.w.org\/{rel}","templated":true}]}}