{"id":60,"date":"2009-07-13T09:00:00","date_gmt":"2009-07-13T09:00:00","guid":{"rendered":"http:\/\/blogs.elcorreo.com\/oscarterol\/?p=60"},"modified":"2009-07-13T09:00:00","modified_gmt":"2009-07-13T09:00:00","slug":"buenos-dias","status":"publish","type":"post","link":"https:\/\/blogs.elcorreo.com\/oscarterol\/2009\/07\/13\/buenos-dias\/","title":{"rendered":"Buenos d\u00edas"},"content":{"rendered":"<p>Buenos d\u00edas hermanos. <\/p>\n<p> Lo primero, quiero presentar otra obra de arte del insigne <STRONG>Mikelbranagh<\/STRONG>; un incansable de la fotocomposici\u00f3n. Y de paso, que sirva de invitaci\u00f3n para todos aquellos que lo deseen. Ser\u00e1 una fiesta c\u00e1rnica en toda regla.<\/p>\n<p> <IMG class=imgcen id=img_0 src=\"\/oscarterol\/wp-content\/uploads\/sites\/30\"><\/p>\n<p> Lo segundo, os cuelgo el art\u00edculo de hoy. Va de los encierros, y tengo que confesar que, al final, he acabado algo cansado de tanta cornada televisada. Me estoy haciendo vegetariano televidente; ya solo quiero ver im\u00e1ganes bonitas por la televisi\u00f3n: prados con flores, animalitos pastando, algo de nudismo, etc.<\/p>\n<p> <P class=MsoNormal style=\"MARGIN: 0cm 0cm 0pt\"><B style=\"mso-bidi-font-weight: normal\"><FONT size=3><FONT face=\"Times New Roman\">Aforo limitado<?xml:namespace prefix = o ns = \"urn:schemas-microsoft-com:office:office\" \/><o:p><\/o:p><\/FONT><\/FONT><\/B><\/p>\n<p> <P class=MsoNormal style=\"MARGIN: 0cm 0cm 0pt\"><o:p><FONT face=\"Times New Roman\" size=3> <\/FONT><\/o:p><\/p>\n<p> <P class=MsoNormal style=\"MARGIN: 0cm 0cm 0pt\"><FONT face=\"Times New Roman\" size=3>Reconozco que estoy influenciado por los \u00faltimos acontecimientos, los desafortunados, claro; los que acaban en esquela y los que pasan por el quir\u00f3fano con pron\u00f3stico reservado. Un impulso que me sale de no s\u00e9 qu\u00e9 rec\u00f3ndita entra\u00f1a me empuja a ver los encierros a diario por la televisi\u00f3n, con el consiguiente madrug\u00f3n. Todos los d\u00edas, cuando el \u00faltimo toro entra en los toriles de la plaza y se para el cron\u00f3metro, me hago la misma pregunta: \u00bftiene sentido esta barbaridad?<SPAN style=\"mso-spacerun: yes\">  <\/SPAN>Yo mismo me respondo con un \u201cno\u201d rotundo, pero repito a la ma\u00f1ana siguiente con la misma expectaci\u00f3n. Supongo lo que me mueve a repetir la escena es el mismo p\u00e1lpito misterioso que alienta a los mozos que salen a tropezarse y darse golpes por las m\u00edticas calles de Pamplona. En su caso puede haber tambi\u00e9n algo tribal, seguramente el encierro es para muchos un rito en el que se adquieren los galones del valor, la hombr\u00eda, un bautismo de adultez, o si me apuran una ruleta rusa folcl\u00f3rica y disimulada de tradici\u00f3n que nos recuerda nuestra fragilidad y que tenemos fecha de caducidad. Al fin y al cabo, siempre que el toro esta por medio, el hombre se enfrenta a la bestia, que no es sino una representaci\u00f3n de la muerte; el gran reto, el gran miedo de la humanidad. <SPAN style=\"mso-spacerun: yes\"> <\/SPAN>No es cuesti\u00f3n de poner en tela de juicio la celebraci\u00f3n de los encierros, no ser\u00e9 yo el que tire esa piedra, es un debate todav\u00eda prehist\u00f3rico, pero creo que hay evidencias que merecen un comentario. Por lo que se puede observar en las im\u00e1genes, uno de los grandes problemas de los encierros es la masificaci\u00f3n; muchos mozos no pueden desarrollar sus carreras y sus \u201cescapatorias\u201d en las condiciones \u00f3ptimas por falta de espacio y de la visibilidad necesaria. Hoy en d\u00eda, que tenemos leyes, hasta hartar, que limitan el aforo de los locales por motivos de seguridad, es il\u00f3gico que se suelten seis toros en medio de una manifestaci\u00f3n de bravucones con la testosterona al pil-pil, por muy experimentados que est\u00e9n, digo yo. Pasen buen d\u00eda.<\/FONT><\/p>\n<p> A gozarlaaaaaaaaaaaaaaaaa<\/p>\n<p> (Voy a Pamplona, ma\u00f1ana por la ma\u00f1ana estar\u00e9 de vuelta, no creo que pueda abrir el blog)<\/p>\n<!-- AddThis Advanced Settings generic via filter on the_content --><!-- AddThis Share Buttons generic via filter on the_content -->","protected":false},"excerpt":{"rendered":"<p>Buenos d\u00edas hermanos. Lo primero, quiero presentar otra obra de arte del insigne Mikelbranagh; un incansable de la fotocomposici\u00f3n. Y de paso, que sirva de invitaci\u00f3n para todos aquellos que lo deseen. Ser\u00e1 una fiesta c\u00e1rnica en toda regla. Lo segundo, os cuelgo el art\u00edculo de hoy. Va de los encierros, y tengo que confesar [&hellip;]<!-- AddThis Advanced Settings generic via filter on get_the_excerpt --><!-- AddThis Share Buttons generic via filter on get_the_excerpt --><\/p>\n","protected":false},"author":42,"featured_media":0,"comment_status":"open","ping_status":"closed","sticky":false,"template":"","format":"standard","meta":[],"categories":[9],"tags":[],"_links":{"self":[{"href":"https:\/\/blogs.elcorreo.com\/oscarterol\/wp-json\/wp\/v2\/posts\/60"}],"collection":[{"href":"https:\/\/blogs.elcorreo.com\/oscarterol\/wp-json\/wp\/v2\/posts"}],"about":[{"href":"https:\/\/blogs.elcorreo.com\/oscarterol\/wp-json\/wp\/v2\/types\/post"}],"author":[{"embeddable":true,"href":"https:\/\/blogs.elcorreo.com\/oscarterol\/wp-json\/wp\/v2\/users\/42"}],"replies":[{"embeddable":true,"href":"https:\/\/blogs.elcorreo.com\/oscarterol\/wp-json\/wp\/v2\/comments?post=60"}],"version-history":[{"count":0,"href":"https:\/\/blogs.elcorreo.com\/oscarterol\/wp-json\/wp\/v2\/posts\/60\/revisions"}],"wp:attachment":[{"href":"https:\/\/blogs.elcorreo.com\/oscarterol\/wp-json\/wp\/v2\/media?parent=60"}],"wp:term":[{"taxonomy":"category","embeddable":true,"href":"https:\/\/blogs.elcorreo.com\/oscarterol\/wp-json\/wp\/v2\/categories?post=60"},{"taxonomy":"post_tag","embeddable":true,"href":"https:\/\/blogs.elcorreo.com\/oscarterol\/wp-json\/wp\/v2\/tags?post=60"}],"curies":[{"name":"wp","href":"https:\/\/api.w.org\/{rel}","templated":true}]}}