{"id":299,"date":"2009-09-29T09:20:00","date_gmt":"2009-09-29T09:20:00","guid":{"rendered":"http:\/\/blogs.elcorreo.com\/oscarterol\/?p=299"},"modified":"2009-09-29T09:20:00","modified_gmt":"2009-09-29T09:20:00","slug":"sin-abusar","status":"publish","type":"post","link":"https:\/\/blogs.elcorreo.com\/oscarterol\/2009\/09\/29\/sin-abusar\/","title":{"rendered":"Sin  abusar"},"content":{"rendered":"<p>Buenos d\u00edas hermanos, \u00bfc\u00f3mo va eso? Yo un poco l\u00edado con la promoci\u00f3n del libro, de aqu\u00ed para all\u00e1, pero contento. Ah, tengo una noticia, no s\u00e9 si es buena o mala, pero es noticia: he encontrado el bot\u00f3n &#8220;rec&#8221; de mi c\u00e1mara de v\u00e7ideo, joder, estaba donde siempre ha estado.<\/p>\n<p>  <OBJECT id=reproductor  codeBase=http:\/\/fpdownload.macromedia.com\/pub\/shockwave\/cabs\/flash\/swflash.cab#version=9,0,0,0 height=338 width=450><PARAM NAME=\"allowscriptaccess\" VALUE=\"always\"><PARAM NAME=\"movie\" VALUE=\"http:\/\/videos.elcorreodigital.com\/dalealplay.swf?file=1942\/calcio.flv&#038;tagclone=elcorreodigital\"><PARAM NAME=\"quality\" VALUE=\"high\"><PARAM NAME=\"wmode\" VALUE=\"transparent\">  <embed     src='\/\/videos.elcorreodigital.com\/dalealplay.swf?file=1942\/calcio.flv&#038;tagclone=elcorreodigital' quality='high' wmode='transparent' bgcolor='#ffffff' width='450' height='338' name='flvplayer' type='application\/x-shockwave-flash' pluginspage='http:\/\/www.macromedia.com\/go\/getflashplayer' allowscriptaccess='always' \/><\/embed><\/OBJECT><br \/>\nY hablando de todo un poco, me siguen llegando propuestas de meses. Aqu\u00ed os presento a febrero, o lo que es lo mismo, a Manitas, o lo que es lo mismo, su versi\u00f3n m\u00e1s sugerente y pudorosa, o lo que e slo mismo, el segundo email pidiendo clemencia teroliana.<\/p>\n<p><IMG class=imgcen id=img_0 src=\"\/oscarterol\/wp-content\/uploads\/sites\/30\">Hay un primer env\u00edo mucho m\u00e1s generoso, de cara entera, donde se puede apreciar el nuevo corte de pelo (por cierto, te queda muy bien), pero, lo que son las ansias, luego lleg\u00f3 esta segunda, con recortes de presupuesto. Yo, un humilde servidor de vuestras causas, no puedo sino acatar el &#8220;mejor esta&#8221;. En fin, que quedan diez meses hu\u00e9rfanos de belleza. <A href=\"mailto:seabrelterol@gmail.com\">seabrelterol@gmail.com<\/A> <\/p>\n<p> Pasar buen d\u00eda<\/p>\n<!-- AddThis Advanced Settings generic via filter on the_content --><!-- AddThis Share Buttons generic via filter on the_content -->","protected":false},"excerpt":{"rendered":"<p>Buenos d\u00edas hermanos, \u00bfc\u00f3mo va eso? Yo un poco l\u00edado con la promoci\u00f3n del libro, de aqu\u00ed para all\u00e1, pero contento. Ah, tengo una noticia, no s\u00e9 si es buena o mala, pero es noticia: he encontrado el bot\u00f3n &#8220;rec&#8221; de mi c\u00e1mara de v\u00e7ideo, joder, estaba donde siempre ha estado. Y hablando de todo [&hellip;]<!-- AddThis Advanced Settings generic via filter on get_the_excerpt --><!-- AddThis Share Buttons generic via filter on get_the_excerpt --><\/p>\n","protected":false},"author":42,"featured_media":0,"comment_status":"open","ping_status":"closed","sticky":false,"template":"","format":"standard","meta":[],"categories":[9],"tags":[],"_links":{"self":[{"href":"https:\/\/blogs.elcorreo.com\/oscarterol\/wp-json\/wp\/v2\/posts\/299"}],"collection":[{"href":"https:\/\/blogs.elcorreo.com\/oscarterol\/wp-json\/wp\/v2\/posts"}],"about":[{"href":"https:\/\/blogs.elcorreo.com\/oscarterol\/wp-json\/wp\/v2\/types\/post"}],"author":[{"embeddable":true,"href":"https:\/\/blogs.elcorreo.com\/oscarterol\/wp-json\/wp\/v2\/users\/42"}],"replies":[{"embeddable":true,"href":"https:\/\/blogs.elcorreo.com\/oscarterol\/wp-json\/wp\/v2\/comments?post=299"}],"version-history":[{"count":0,"href":"https:\/\/blogs.elcorreo.com\/oscarterol\/wp-json\/wp\/v2\/posts\/299\/revisions"}],"wp:attachment":[{"href":"https:\/\/blogs.elcorreo.com\/oscarterol\/wp-json\/wp\/v2\/media?parent=299"}],"wp:term":[{"taxonomy":"category","embeddable":true,"href":"https:\/\/blogs.elcorreo.com\/oscarterol\/wp-json\/wp\/v2\/categories?post=299"},{"taxonomy":"post_tag","embeddable":true,"href":"https:\/\/blogs.elcorreo.com\/oscarterol\/wp-json\/wp\/v2\/tags?post=299"}],"curies":[{"name":"wp","href":"https:\/\/api.w.org\/{rel}","templated":true}]}}