{"id":298,"date":"2009-09-28T11:56:00","date_gmt":"2009-09-28T11:56:00","guid":{"rendered":"http:\/\/blogs.elcorreo.com\/oscarterol\/?p=298"},"modified":"2009-09-28T11:56:00","modified_gmt":"2009-09-28T11:56:00","slug":"y-que-no","status":"publish","type":"post","link":"https:\/\/blogs.elcorreo.com\/oscarterol\/2009\/09\/28\/y-que-no\/","title":{"rendered":"\u00bfY por qu\u00e9 no?"},"content":{"rendered":"<p>Buenos d\u00edas hermanos. La m\u00edtica <STRONG>Mary me incita a editar un nuevo calendario, su propuestas es directa, como ella, sin pedir, empieza dando y animando al personal de esta manera:<\/STRONG><\/p>\n<p> <STRONG><IMG class=imgcen id=img_0 src=\"\/oscarterol\/wp-content\/uploads\/sites\/30\"><\/STRONG><br \/>\n<STRONG>Se pide Abril, concedido. Pues eso, que est\u00e1 abierta la veda. <\/STRONG><A href=\"mailto:seabrelterol@gmail.com\">seabrelterol@gmail.com<\/A> <\/p>\n<p> <STRONG>\u00a1Gracias Mary!<br \/>\n<\/STRONG><\/p>\n<p> de momento os cuelgo al art\u00edculo de hoy y por la tarde a ver si me l\u00edo la manta y cuelgo un enero de quitar el hipo.<\/p>\n<p> <P class=MsoNormal style=\"MARGIN: 0cm 0cm 0pt; TEXT-ALIGN: center\" align=center><B style=\"mso-bidi-font-weight: normal\"><FONT size=3><FONT face=\"Times New Roman\">Aboca-dos<?xml:namespace prefix = o ns = \"urn:schemas-microsoft-com:office:office\" \/><o:p><\/o:p><\/FONT><\/FONT><\/B><\/p>\n<p> <P class=MsoNormal style=\"MARGIN: 0cm 0cm 0pt\"><o:p><FONT face=\"Times New Roman\" size=3> <\/FONT><\/o:p><\/p>\n<p> <P class=MsoNormal style=\"MARGIN: 0cm 0cm 0pt\"><o:p><FONT face=\"Times New Roman\" size=3> <\/FONT><\/o:p><\/p>\n<p> <P class=MsoNormal style=\"MARGIN: 0cm 0cm 0pt\"><FONT face=\"Times New Roman\" size=3>Es la eterna cr\u00edtica al sistema que hacen siempre las opciones minoritarias, sobre todo, cuando llegan las elecciones: el famoso bipartidismo. Si el fen\u00f3meno nos llega de Am\u00e9rica o si forma parte de la esencia del ser humano, da igual hoy, el caso es que la dualidad triunfa y nos cuadra. En la pol\u00edtica es evidente, el pastel nacional es para PSOE o PP, y as\u00ed ser\u00e1 en el futuro pr\u00f3ximo, los dem\u00e1s, a chupar la nata del cuchillo. Alguien podr\u00eda pensar que, en Euskadi, esto no est\u00e1 tan claro, que hay m\u00e1s opciones, al menos tres. De acuerdo, pero no nos olvidemos de la gran divisi\u00f3n que sobrevuela por encima de los matices folcl\u00f3ricos: nosotros o vosotros; eres o lo pareces, ya me entienden. Pues eso, dos, estamos abocados a la soka-tira hasta que se rompa la cuerda. Opciones como el tr\u00edo o el cuarteto est\u00e1n en peligro de extinci\u00f3n en las encuestas, ahora toca elegir entre Messi o CR9, que no es un engrasador para las cerraduras, ni un detergente, es la marca que vende Cristiano Ronaldo. Real Madrid o Barcelona, ya sabemos, cuando esto no ha hecho m\u00e1s que empezar, que no va a haber m\u00e1s candidatos al t\u00edtulo de liga. Y es una pena, pero da la sensaci\u00f3n de que tampoco interesar\u00eda un tercer aspirante, y mucho menos un cuarto. Los medios de comunicaci\u00f3n est\u00e1n m\u00e1s c\u00f3modos cuando retransmiten la lucha entre el bien y el mal; entre dos mundos;<SPAN style=\"mso-spacerun: yes\">  <\/SPAN>no en vano, en un campo de f\u00fatbol hay dos porter\u00edas y dos aficiones. <SPAN style=\"mso-spacerun: yes\"> <\/SPAN>Los peque\u00f1os so\u00f1adores como David ya no puede contra Goliat, porque \u00e9ste se sabe el cuento y ahora lleva casco. La utop\u00eda se ha convertido en una franquicia y hay que pagar. Lo que queremos todos es ver a Goliat pelear contra otro Goliat. \u00bfO no estamos esperando como agua de mayo un nuevo Federer \u2013 Nadal? Por supuesto, y que el Asturiano dentro de un Ferrari le adelante en la \u00faltima curva al insolente ingl\u00e9s. Vale ya de \u201cDjokovices\u201d y de \u201cButtones\u201d, que somos de nuestro padre y de nuestra madre, no caben m\u00e1s en la foto. Pasen buen d\u00eda.<\/FONT><\/p>\n<p> <P class=MsoNormal style=\"MARGIN: 0cm 0cm 0pt\"><o:p><FONT face=\"Times New Roman\" size=3> <\/FONT><\/o:p><\/p>\n<!-- AddThis Advanced Settings generic via filter on the_content --><!-- AddThis Share Buttons generic via filter on the_content -->","protected":false},"excerpt":{"rendered":"<p>Buenos d\u00edas hermanos. La m\u00edtica Mary me incita a editar un nuevo calendario, su propuestas es directa, como ella, sin pedir, empieza dando y animando al personal de esta manera: Se pide Abril, concedido. Pues eso, que est\u00e1 abierta la veda. seabrelterol@gmail.com \u00a1Gracias Mary! de momento os cuelgo al art\u00edculo de hoy y por la [&hellip;]<!-- AddThis Advanced Settings generic via filter on get_the_excerpt --><!-- AddThis Share Buttons generic via filter on get_the_excerpt --><\/p>\n","protected":false},"author":42,"featured_media":0,"comment_status":"open","ping_status":"closed","sticky":false,"template":"","format":"standard","meta":[],"categories":[9],"tags":[],"_links":{"self":[{"href":"https:\/\/blogs.elcorreo.com\/oscarterol\/wp-json\/wp\/v2\/posts\/298"}],"collection":[{"href":"https:\/\/blogs.elcorreo.com\/oscarterol\/wp-json\/wp\/v2\/posts"}],"about":[{"href":"https:\/\/blogs.elcorreo.com\/oscarterol\/wp-json\/wp\/v2\/types\/post"}],"author":[{"embeddable":true,"href":"https:\/\/blogs.elcorreo.com\/oscarterol\/wp-json\/wp\/v2\/users\/42"}],"replies":[{"embeddable":true,"href":"https:\/\/blogs.elcorreo.com\/oscarterol\/wp-json\/wp\/v2\/comments?post=298"}],"version-history":[{"count":0,"href":"https:\/\/blogs.elcorreo.com\/oscarterol\/wp-json\/wp\/v2\/posts\/298\/revisions"}],"wp:attachment":[{"href":"https:\/\/blogs.elcorreo.com\/oscarterol\/wp-json\/wp\/v2\/media?parent=298"}],"wp:term":[{"taxonomy":"category","embeddable":true,"href":"https:\/\/blogs.elcorreo.com\/oscarterol\/wp-json\/wp\/v2\/categories?post=298"},{"taxonomy":"post_tag","embeddable":true,"href":"https:\/\/blogs.elcorreo.com\/oscarterol\/wp-json\/wp\/v2\/tags?post=298"}],"curies":[{"name":"wp","href":"https:\/\/api.w.org\/{rel}","templated":true}]}}