{"id":295,"date":"2009-09-18T09:00:00","date_gmt":"2009-09-18T09:00:00","guid":{"rendered":"http:\/\/blogs.elcorreo.com\/oscarterol\/?p=295"},"modified":"2009-09-18T09:00:00","modified_gmt":"2009-09-18T09:00:00","slug":"las-oscuras-golondrinas","status":"publish","type":"post","link":"https:\/\/blogs.elcorreo.com\/oscarterol\/2009\/09\/18\/las-oscuras-golondrinas\/","title":{"rendered":"LAS OSCURAS GOLONDRINAS"},"content":{"rendered":"<p>BUENOS DIAS HERMANOS. VOLVERAN, VOLVERAN LAS LORZAS A CONTRAPIE, LOS DESBARRES INCOMPRENDIDOS, LOS SERIALES TERMINABLES, LA POESIA ENCUBIERTA, LOS ABUSOS HONESTOS Y LAS PATENTES DE CORS\u00c9. TODO VOLVERA, LO JURO CON LA MANO DERECHA ENCIMA DE UN LIBRO DE QUINO.<\/p>\n<p> <P class=MsoNormal style=\"MARGIN: 0cm 0cm 0pt\"><B style=\"mso-bidi-font-weight: normal\"><FONT size=3><FONT face=\"Times New Roman\"> <DIV style=\"TEXT-ALIGN: center\"> <P class=MsoNormal style=\"MARGIN: 0cm 0cm 0pt\"><B style=\"mso-bidi-font-weight: normal\"><FONT size=3><FONT face=\"Times New Roman\">Los dolores de Paj\u00edn<?xml:namespace prefix = o ns = \"urn:schemas-microsoft-com:office:office\" \/><o:p><\/o:p><\/FONT><\/FONT><\/B><\/p>\n<p> <P class=MsoNormal style=\"MARGIN: 0cm 0cm 0pt\"><br \/>\n<\/FONT><\/FONT><\/B><FONT face=\"Times New Roman\" size=3>Revisando mis art\u00edculos de este a\u00f1o, que ya superan la centena, me he dado cuenta de que no le he dedicado ning\u00fan comentario a la pareja de moda de la pol\u00edtica espa\u00f1ola, la formada por Leire Paj\u00edn y Dolores de Cospedal, con el permiso de sus superiores Mariano y Jos\u00e9 Luis. Ahora que veo escritos sus nombres en un p\u00e1rrafo m\u00edo, me siento m\u00e1s tranquilo, es como si hubiera saldado una deuda con el p\u00fablico, qu\u00e9 demonios, con la historia del periodismo. La verdad es que no ten\u00eda perd\u00f3n de mis superiores mi inconsciente dejadez, pero les prometo que mi olvido se debe a causas naturales, como la gota fr\u00eda. Reconozco que alg\u00fan amigo me ha sugerido, estos \u00faltimos d\u00edas, meterle mano a <?xml:namespace prefix = st1 ns = \"urn:schemas-microsoft-com:office:smarttags\" \/><st1:PersonName w:st=\"on\" ProductID=\"la Paj?n\">la Paj\u00edn<\/st1:PersonName>, pero no he visto el momento. La actualidad es tan generosa en generar absurdos que el d\u00eda que Niki Lauda no se sale de la pista y tiene unos mellizos, se monta un Bel\u00e9n en cualquier esquina. El caso en que por gripes o por atunes he estado m\u00e1s despistado que un gobierno en \u00e9poca de crisis. Les pido disculpas. De todas formas, no esperen sangre ni v\u00edsceras en mi comentario, los viernes son d\u00edas para admirar la inteligencia y la belleza, o el valor. Me seduce Obama. As\u00ed lo suelto, de sopet\u00f3n, para cambiar el tercio. Ah\u00ed est\u00e1 el \u201cgudari\u201d, luchando para que los pobres ni\u00f1os obesos m\u00f3rbidos, pobres, de los Estados Unidos tengan atenci\u00f3n sanitaria sin pasar por caja. Es un rom\u00e1ntico el cabr\u00f3n \u2013lo digo con cari\u00f1o, yo a mi padre le llamo cabr\u00f3n cuando tiene la raz\u00f3n- y le va a costar mucho sudor y l\u00e1grimas esa desprivatizaci\u00f3n de la meca de lo privado, pero merece la pena el intento. Te mando mi fuerza y mi \u00e1nimo, Barack. Si hay alg\u00fan pastor o profesor vasco en la di\u00e1spora que lea el CORREO y que tenga acceso a la corte del \u201cRey Baltasar\u201d, que se lo haga saber. Y que le diga tambi\u00e9n que aqu\u00ed, en <st1:PersonName w:st=\"on\" ProductID=\"la Europa\">la Europa<\/st1:PersonName> sana de juicio, nadie cre\u00edamos en el escudo antimisiles. Pasen buen d\u00eda y no me juzguen por una macedonia de frutas de la pasi\u00f3n.<\/FONT><\/p>\n<p> LA GRAN <STRONG>MARY<\/STRONG> ME HA ENVIADO UNA RECONSTRUCCI\u00d3N CULTURAL. SI YA DIGO YO, QUE DONDE EST\u00c9 UNA MUJER VASCA QUE SE QUITEN TODAS LAS COLUMNAS D\u00d3RICAS, J\u00d3NICAS Y CORINTIAS, LECHES.<\/p>\n<p><\/DIV> <IMG class=imgcen id=img_0 src=\"\/oscarterol\/wp-content\/uploads\/sites\/30\"><\/p>\n<p> <DIV style=\"TEXT-ALIGN: center\">\u00a1GRACIAS MAJA!<\/DIV><br \/>\nPASAR BUEN DIA<\/p>\n<!-- AddThis Advanced Settings generic via filter on the_content --><!-- AddThis Share Buttons generic via filter on the_content -->","protected":false},"excerpt":{"rendered":"<p>BUENOS DIAS HERMANOS. VOLVERAN, VOLVERAN LAS LORZAS A CONTRAPIE, LOS DESBARRES INCOMPRENDIDOS, LOS SERIALES TERMINABLES, LA POESIA ENCUBIERTA, LOS ABUSOS HONESTOS Y LAS PATENTES DE CORS\u00c9. TODO VOLVERA, LO JURO CON LA MANO DERECHA ENCIMA DE UN LIBRO DE QUINO. Los dolores de Paj\u00edn Revisando mis art\u00edculos de este a\u00f1o, que ya superan la centena, [&hellip;]<!-- AddThis Advanced Settings generic via filter on get_the_excerpt --><!-- AddThis Share Buttons generic via filter on get_the_excerpt --><\/p>\n","protected":false},"author":42,"featured_media":0,"comment_status":"open","ping_status":"closed","sticky":false,"template":"","format":"standard","meta":[],"categories":[9],"tags":[],"_links":{"self":[{"href":"https:\/\/blogs.elcorreo.com\/oscarterol\/wp-json\/wp\/v2\/posts\/295"}],"collection":[{"href":"https:\/\/blogs.elcorreo.com\/oscarterol\/wp-json\/wp\/v2\/posts"}],"about":[{"href":"https:\/\/blogs.elcorreo.com\/oscarterol\/wp-json\/wp\/v2\/types\/post"}],"author":[{"embeddable":true,"href":"https:\/\/blogs.elcorreo.com\/oscarterol\/wp-json\/wp\/v2\/users\/42"}],"replies":[{"embeddable":true,"href":"https:\/\/blogs.elcorreo.com\/oscarterol\/wp-json\/wp\/v2\/comments?post=295"}],"version-history":[{"count":0,"href":"https:\/\/blogs.elcorreo.com\/oscarterol\/wp-json\/wp\/v2\/posts\/295\/revisions"}],"wp:attachment":[{"href":"https:\/\/blogs.elcorreo.com\/oscarterol\/wp-json\/wp\/v2\/media?parent=295"}],"wp:term":[{"taxonomy":"category","embeddable":true,"href":"https:\/\/blogs.elcorreo.com\/oscarterol\/wp-json\/wp\/v2\/categories?post=295"},{"taxonomy":"post_tag","embeddable":true,"href":"https:\/\/blogs.elcorreo.com\/oscarterol\/wp-json\/wp\/v2\/tags?post=295"}],"curies":[{"name":"wp","href":"https:\/\/api.w.org\/{rel}","templated":true}]}}