{"id":285,"date":"2009-08-03T10:19:00","date_gmt":"2009-08-03T10:19:00","guid":{"rendered":"http:\/\/blogs.elcorreo.com\/oscarterol\/?p=285"},"modified":"2009-08-03T10:19:00","modified_gmt":"2009-08-03T10:19:00","slug":"en-anden","status":"publish","type":"post","link":"https:\/\/blogs.elcorreo.com\/oscarterol\/2009\/08\/03\/en-anden\/","title":{"rendered":"En el and\u00e9n"},"content":{"rendered":"<p><BIG>Buenos d\u00edas hermanos. He decidido parar el blog durante el mes de agosto, tomarme unos d\u00edas de descanso, creo que me vendr\u00e1 bien&#8230; <\/BIG><\/p>\n<p> <DIV style=\"TEXT-ALIGN: center\"><BIG>(Foto real)<br \/>\n<\/BIG><\/DIV> <\/p>\n<p> <IMG class=imgcen id=img_0 src=\"\/oscarterol\/wp-content\/uploads\/sites\/30\/IMGA0146.JPG\"><\/p>\n<p><BIG>Adem\u00e1s, tengo que hacer varios viajes cortos y no hubiera podido atenderlo como a mi me gusta.<\/p>\n<p>De todas formas, seguir\u00e9 colgando por aqu\u00ed los art\u00edculos cada dos d\u00edas, los tengo qure escribir para la edici\u00f3n de papel y por lo menos mi conciencia productiva se quedar\u00e1 m\u00e1s tranquila.<\/p>\n<p>EL UNO DE SEPTIEMBRE RETOMARE LAS HISTORIAS PENDIENTES. <\/p>\n<p><BIG><\/p>\n<p> <DIV style=\"TEXT-ALIGN: center\">\u00a1OS DESEO UN BUEN MES!<br \/>\n<\/DIV> <\/BIG><\/p>\n<p><IMG class=imgcen id=img_2 src=\"\/oscarterol\/wp-content\/uploads\/sites\/30\/IMGA0145.JPG\"><\/p>\n<p> <DIV style=\"TEXT-ALIGN: center\">El art\u00edculo<\/BIG><\/DIV> <\/BIG><BIG><\/BIG> <\/p>\n<p> <P class=MsoNormal style=\"MARGIN: 0cm 0cm 0pt\"><B style=\"mso-bidi-font-weight: normal\"><FONT size=3><FONT face=\"Times New Roman\">LAT<?xml:namespace prefix = o ns = \"urn:schemas-microsoft-com:office:office\" \/><o:p><\/o:p><\/FONT><\/FONT><\/B><\/p>\n<p> <P class=MsoNormal style=\"MARGIN: 0cm 0cm 0pt\"><o:p><FONT face=\"Times New Roman\" size=3> <\/FONT><\/o:p><\/p>\n<p> <P class=MsoNormal style=\"MARGIN: 0cm 0cm 0pt\"><FONT face=\"Times New Roman\" size=3>Que no es otra cosa que la abreviatura de <I style=\"mso-bidi-font-style: normal\">Living Apart Toguether<\/I>, que a su vez, no es otra cosa que la abreviatura de una relaci\u00f3n. Me explico, que es lunes y estamos en agosto. Estamos hablando de una moda que cobra adeptos en todo el mundo , -rico, por supuesto-, y cuyo fundamento o filosof\u00eda es la de comerse s\u00f3lo la yema del esp\u00e1rrago. Me sigo explicando. Se trata de una nueva manera de vivir las relaciones de pareja que se puede resumir as\u00ed: despu\u00e9s del frote y del cigarrito postrero, cada uno a su casa. Novios, s\u00ed, para todo lo que quieras, pero t\u00fa en tu casa y yo en la m\u00eda. O sea, que evitamos la dichosa convivencia y sus rutinas, que tanto da\u00f1o hacen al amor. Dicen los encuestadores que un porcentaje alto de europeos, y entre tantos ya habr\u00e1 alg\u00fan vasco, optan por este tipo de contrato en el que s\u00f3lo est\u00e1 permitido tener el cepillo de dientes y dos mudas en la casa de tu pareja. La verdad ser dicha que tiene su l\u00f3gica el asunto, faltar\u00eda m\u00e1s; todos perdemos puntos cuando nos relajamos en la inmensidad de lo cotidiano. \u00bfA qui\u00e9n no s ele ha escapado un pedete fugitivo un domingo por la tarde, o justo despu\u00e9s de levantarte? \u00bfQui\u00e9n no se ha cortado las u\u00f1as de los pies donde no deb\u00eda? \u00bfQui\u00e9n no ha protagonizado un desfile con la lencer\u00eda cedida que nunca utilizas fuera de tus dominios? Todos tenemos una versi\u00f3n que nos emparenta directamente con Homer Simpson, y que va apareciendo, poco a poco, con la convivencia; es el famoso asco que da la confianza. Con esta nueva corriente de cobardes que se conoce como LAT, habr\u00e1 hombres que nunca conocer\u00e1n a su novia sin maquillar, y mujeres que no tendr\u00e1n que presenciar el bochornoso espect\u00e1culo de ver a su novio ti\u00f1\u00e9ndose el pelo, por poner alg\u00fan ejemplo. Reconozco vuestras ventajas, pero creo que es muy arriesgado dejar la convivencia para la vejez, cuando ya es inevitable por motivos obvios; el choque puede ser muy duro. \u00bfSer\u00e1 envidia lo que siento? Pasen buen d\u00eda.<\/FONT><\/p>\n<p><BIG> <BIG><\/BIG> <\/p>\n<p> <BIG><\/BIG> <\/p>\n<p> <BIG>Gracias por este a\u00f1o de regalos en forma de comentario. Os echar\u00e9 de menos (A ti tambi\u00e9n)<br \/>\n<\/BIG><\/p>\n<p><\/BIG><\/p>\n<!-- AddThis Advanced Settings generic via filter on the_content --><!-- AddThis Share Buttons generic via filter on the_content -->","protected":false},"excerpt":{"rendered":"<p>Buenos d\u00edas hermanos. He decidido parar el blog durante el mes de agosto, tomarme unos d\u00edas de descanso, creo que me vendr\u00e1 bien&#8230; (Foto real) Adem\u00e1s, tengo que hacer varios viajes cortos y no hubiera podido atenderlo como a mi me gusta. De todas formas, seguir\u00e9 colgando por aqu\u00ed los art\u00edculos cada dos d\u00edas, los [&hellip;]<!-- AddThis Advanced Settings generic via filter on get_the_excerpt --><!-- AddThis Share Buttons generic via filter on get_the_excerpt --><\/p>\n","protected":false},"author":42,"featured_media":0,"comment_status":"open","ping_status":"closed","sticky":false,"template":"","format":"standard","meta":[],"categories":[9],"tags":[],"_links":{"self":[{"href":"https:\/\/blogs.elcorreo.com\/oscarterol\/wp-json\/wp\/v2\/posts\/285"}],"collection":[{"href":"https:\/\/blogs.elcorreo.com\/oscarterol\/wp-json\/wp\/v2\/posts"}],"about":[{"href":"https:\/\/blogs.elcorreo.com\/oscarterol\/wp-json\/wp\/v2\/types\/post"}],"author":[{"embeddable":true,"href":"https:\/\/blogs.elcorreo.com\/oscarterol\/wp-json\/wp\/v2\/users\/42"}],"replies":[{"embeddable":true,"href":"https:\/\/blogs.elcorreo.com\/oscarterol\/wp-json\/wp\/v2\/comments?post=285"}],"version-history":[{"count":0,"href":"https:\/\/blogs.elcorreo.com\/oscarterol\/wp-json\/wp\/v2\/posts\/285\/revisions"}],"wp:attachment":[{"href":"https:\/\/blogs.elcorreo.com\/oscarterol\/wp-json\/wp\/v2\/media?parent=285"}],"wp:term":[{"taxonomy":"category","embeddable":true,"href":"https:\/\/blogs.elcorreo.com\/oscarterol\/wp-json\/wp\/v2\/categories?post=285"},{"taxonomy":"post_tag","embeddable":true,"href":"https:\/\/blogs.elcorreo.com\/oscarterol\/wp-json\/wp\/v2\/tags?post=285"}],"curies":[{"name":"wp","href":"https:\/\/api.w.org\/{rel}","templated":true}]}}