{"id":283,"date":"2009-07-29T10:36:00","date_gmt":"2009-07-29T10:36:00","guid":{"rendered":"http:\/\/blogs.elcorreo.com\/oscarterol\/?p=283"},"modified":"2009-07-29T10:36:00","modified_gmt":"2009-07-29T10:36:00","slug":"la-rendija","status":"publish","type":"post","link":"https:\/\/blogs.elcorreo.com\/oscarterol\/2009\/07\/29\/la-rendija\/","title":{"rendered":"La rendija"},"content":{"rendered":"<p><BIG><BIG><BIG><BIG><BIG><BIG><BIG>Ocurri\u00f3 hace un mes. Yo me hab\u00eda dado crema protectora por toda la superficie que iba a estar expuesta al sol, brazos, cara y piernas. Protecci\u00f3n 50, vamos, que no pasa ni la luz. Todo estaba controlado, ya pod\u00eda ir a plantar puerros; una apasionante tarea que pone a prueba tu zona lumbar, como todo los trabajos que se realizan en la huerta. Estuve tres horas agachado, concentrado en las hileras de la hortaliza en cuesti\u00f3n, ajeno al mundo que me rodeaba. Tan ajeno, que de repente empec\u00e9 a oler a tocinillo chamuscado y no le di ninguna importancia. Pero la ten\u00eda, vaya que si la ten\u00eda&#8230;<br \/>\n<\/BIG><\/BIG><br \/>\n<\/BIG><\/BIG><\/BIG><\/BIG><\/BIG><IMG class=imgcen id=img_0 src=\"\/oscarterol\/wp-content\/uploads\/sites\/30\/IMGA0139.JPG\"><br \/>\n<BIG><BIG><BIG><BIG><BIG><BIG><BIG>\u00a1Pasar buen d\u00eda, hermanos!<\/BIG><\/BIG><br \/>\n<\/BIG><\/BIG><\/BIG><\/BIG><\/BIG><\/p>\n<!-- AddThis Advanced Settings generic via filter on the_content --><!-- AddThis Share Buttons generic via filter on the_content -->","protected":false},"excerpt":{"rendered":"<p>Ocurri\u00f3 hace un mes. Yo me hab\u00eda dado crema protectora por toda la superficie que iba a estar expuesta al sol, brazos, cara y piernas. Protecci\u00f3n 50, vamos, que no pasa ni la luz. Todo estaba controlado, ya pod\u00eda ir a plantar puerros; una apasionante tarea que pone a prueba tu zona lumbar, como todo [&hellip;]<!-- AddThis Advanced Settings generic via filter on get_the_excerpt --><!-- AddThis Share Buttons generic via filter on get_the_excerpt --><\/p>\n","protected":false},"author":42,"featured_media":0,"comment_status":"open","ping_status":"closed","sticky":false,"template":"","format":"standard","meta":[],"categories":[9],"tags":[],"_links":{"self":[{"href":"https:\/\/blogs.elcorreo.com\/oscarterol\/wp-json\/wp\/v2\/posts\/283"}],"collection":[{"href":"https:\/\/blogs.elcorreo.com\/oscarterol\/wp-json\/wp\/v2\/posts"}],"about":[{"href":"https:\/\/blogs.elcorreo.com\/oscarterol\/wp-json\/wp\/v2\/types\/post"}],"author":[{"embeddable":true,"href":"https:\/\/blogs.elcorreo.com\/oscarterol\/wp-json\/wp\/v2\/users\/42"}],"replies":[{"embeddable":true,"href":"https:\/\/blogs.elcorreo.com\/oscarterol\/wp-json\/wp\/v2\/comments?post=283"}],"version-history":[{"count":0,"href":"https:\/\/blogs.elcorreo.com\/oscarterol\/wp-json\/wp\/v2\/posts\/283\/revisions"}],"wp:attachment":[{"href":"https:\/\/blogs.elcorreo.com\/oscarterol\/wp-json\/wp\/v2\/media?parent=283"}],"wp:term":[{"taxonomy":"category","embeddable":true,"href":"https:\/\/blogs.elcorreo.com\/oscarterol\/wp-json\/wp\/v2\/categories?post=283"},{"taxonomy":"post_tag","embeddable":true,"href":"https:\/\/blogs.elcorreo.com\/oscarterol\/wp-json\/wp\/v2\/tags?post=283"}],"curies":[{"name":"wp","href":"https:\/\/api.w.org\/{rel}","templated":true}]}}