{"id":282,"date":"2009-07-28T11:10:00","date_gmt":"2009-07-28T11:10:00","guid":{"rendered":"http:\/\/blogs.elcorreo.com\/oscarterol\/?p=282"},"modified":"2009-07-28T11:10:00","modified_gmt":"2009-07-28T11:10:00","slug":"san-nazario","status":"publish","type":"post","link":"https:\/\/blogs.elcorreo.com\/oscarterol\/2009\/07\/28\/san-nazario\/","title":{"rendered":"SAN NAZARIO"},"content":{"rendered":"<p>Buenos d\u00edas hermanos. Todo este tema de Internet, los blogs, las webs, etc., est\u00e1 naciendo todav\u00eda, como quien dice. Nadie ha puesto las normas b\u00e1sicas de convivencia sobre la mesa, as\u00ed que me otorgo la potestad de hacer una sugerencia al respecto. Hoy d\u00eda de San Nazario puede, perfectamente, ser el d\u00eda en el que los blogueros podemos tomarnos el d\u00eda libre si queremos. San Nazario, el patr\u00f3n de los blogueros del norte, suena bien. Si hay otra propuesta la escuchar\u00e9 encantado, mientras tanto, apago la m\u00e1quina. <\/p>\n<p><DEL>  <\/p>\n<p><DEL> Lo cierto es que tengo que apagar el ordenador por problemas t\u00e9cnicos transitorios, pero le quer\u00eda dar un poco de glamour al asunto. <\/p>\n<p> <\/DEL><\/DEL><DEL> <\/p>\n<p> <\/DEL>Disfrutad del d\u00eda de San Nazario.<\/p>\n<!-- AddThis Advanced Settings generic via filter on the_content --><!-- AddThis Share Buttons generic via filter on the_content -->","protected":false},"excerpt":{"rendered":"<p>Buenos d\u00edas hermanos. Todo este tema de Internet, los blogs, las webs, etc., est\u00e1 naciendo todav\u00eda, como quien dice. Nadie ha puesto las normas b\u00e1sicas de convivencia sobre la mesa, as\u00ed que me otorgo la potestad de hacer una sugerencia al respecto. Hoy d\u00eda de San Nazario puede, perfectamente, ser el d\u00eda en el que [&hellip;]<!-- AddThis Advanced Settings generic via filter on get_the_excerpt --><!-- AddThis Share Buttons generic via filter on get_the_excerpt --><\/p>\n","protected":false},"author":42,"featured_media":0,"comment_status":"open","ping_status":"closed","sticky":false,"template":"","format":"standard","meta":[],"categories":[9],"tags":[],"_links":{"self":[{"href":"https:\/\/blogs.elcorreo.com\/oscarterol\/wp-json\/wp\/v2\/posts\/282"}],"collection":[{"href":"https:\/\/blogs.elcorreo.com\/oscarterol\/wp-json\/wp\/v2\/posts"}],"about":[{"href":"https:\/\/blogs.elcorreo.com\/oscarterol\/wp-json\/wp\/v2\/types\/post"}],"author":[{"embeddable":true,"href":"https:\/\/blogs.elcorreo.com\/oscarterol\/wp-json\/wp\/v2\/users\/42"}],"replies":[{"embeddable":true,"href":"https:\/\/blogs.elcorreo.com\/oscarterol\/wp-json\/wp\/v2\/comments?post=282"}],"version-history":[{"count":0,"href":"https:\/\/blogs.elcorreo.com\/oscarterol\/wp-json\/wp\/v2\/posts\/282\/revisions"}],"wp:attachment":[{"href":"https:\/\/blogs.elcorreo.com\/oscarterol\/wp-json\/wp\/v2\/media?parent=282"}],"wp:term":[{"taxonomy":"category","embeddable":true,"href":"https:\/\/blogs.elcorreo.com\/oscarterol\/wp-json\/wp\/v2\/categories?post=282"},{"taxonomy":"post_tag","embeddable":true,"href":"https:\/\/blogs.elcorreo.com\/oscarterol\/wp-json\/wp\/v2\/tags?post=282"}],"curies":[{"name":"wp","href":"https:\/\/api.w.org\/{rel}","templated":true}]}}