{"id":278,"date":"2009-07-22T09:19:00","date_gmt":"2009-07-22T09:19:00","guid":{"rendered":"http:\/\/blogs.elcorreo.com\/oscarterol\/?p=278"},"modified":"2009-07-22T09:19:00","modified_gmt":"2009-07-22T09:19:00","slug":"oe-oe-oe","status":"publish","type":"post","link":"https:\/\/blogs.elcorreo.com\/oscarterol\/2009\/07\/22\/oe-oe-oe\/","title":{"rendered":"O\u00e9, o\u00e9, o\u00e9&#8230;"},"content":{"rendered":"<p><STRONG> <DIV style=\"TEXT-ALIGN: center\"><STRONG><STRONG><STRONG><BIG><STRONG><STRONG><STRONG>&#8220;La galerna se cort\u00f3 como una mayonesa mal batida&#8221;<\/STRONG><\/STRONG><\/STRONG><\/p>\n<p>(La frase de ayer)<\/p>\n<p><\/BIG><\/STRONG><\/STRONG><\/STRONG><\/STRONG>Buenos d\u00edas hermandad. Hoy Perea descansa en emisiones, me ha dicho que est\u00e1 en una misi\u00f3n especial y que necesita dos d\u00edas para grabarla, le esperaremos. <\/p>\n<p>Espero que vuestros tocinillos y lorcitas sinuosas sigan en su sitio despu\u00e9s del torrado de ayer. No hay que derretirse a la primera de cambio, la dignidad por encima de las temperaturas.<\/p>\n<p>El serm\u00f3n:<\/p>\n<p><\/DIV> <P class=MsoNormal style=\"MARGIN: 0cm 0cm 0pt\"><B style=\"mso-bidi-font-weight: normal\"><FONT size=3><FONT face=\"Times New Roman\">O\u00e9, o\u00e9, o\u00e9\u2026<?xml:namespace prefix = o ns = \"urn:schemas-microsoft-com:office:office\" \/><o:p><\/o:p><\/FONT><\/FONT><\/B><\/p>\n<p> <P class=MsoNormal style=\"MARGIN: 0cm 0cm 0pt\"><o:p><FONT face=\"Times New Roman\" size=3><\/FONT><\/o:p><\/p>\n<p> <P class=MsoNormal style=\"MARGIN: 0cm 0cm 0pt\"><o:p><FONT face=\"Times New Roman\" size=3><\/FONT><\/o:p><\/p>\n<p> <P class=MsoNormal style=\"MARGIN: 0cm 0cm 0pt; TEXT-ALIGN: justify\"><FONT face=\"Times New Roman\" size=3>A falta de m\u00e1s pruebas concluyentes se puede determinar que el mundo es de y para los aficionados. No s\u00f3lo lo digo yo, no, lo confirman constantemente los futbolistas en las ruedas de prensa: <<nuestra afici\u00f3n se merece todo>>; <<por esta afici\u00f3n merece la pena seguir ganando millones a mansalva>>; etc.. Olvid\u00e9monos del uso despectivo del t\u00e9rmino, que tambi\u00e9n lo tiene, y centr\u00e9monos en el significado que define \u201caficionado\u201d como alguien que siente afici\u00f3n por una determinada actividad. Ayer mismo, conoc\u00edamos la noticia de un australiano aficionado a la astronom\u00eda que descubri\u00f3 un impacto en J\u00fapiter producido por un asteroide o cometa del tama\u00f1o de la tierra. Este hincha de la astronom\u00eda casera, Anthony<IMG class=imgizqda id=img_0 src=\"\/oscarterol\/wp-content\/uploads\/sites\/30\"> Wesley para m\u00e1s se\u00f1as, no contento con anticiparse a <?xml:namespace prefix = st1 ns = \"urn:schemas-microsoft-com:office:smarttags\" \/><st1:PersonName w:st=\"on\" ProductID=\"la NASA\">la NASA<\/st1:PersonName> en pleno con su descubrimiento, cuelga en su blog una fotograf\u00eda tomada con su telescopio casero. Supongo que habr\u00e1 habido alguna llamada de Obama a la agencia espacial pidiendo explicaciones al respecto. Hombre, hay que entender que <st1:PersonName w:st=\"on\" ProductID=\"la NASA\">la NASA<\/st1:PersonName> es humana, es decir, que est\u00e1 gestionada por humanos, al menos, de momento. Y a nadie se le escapa que, estos d\u00edas, ha estado inmersa en la celebraci\u00f3n de la llegada del hombre a la tierra; hace cuarenta a\u00f1os enviaron <SPAN style=\"mso-spacerun: yes\"><\/SPAN>a tres incautos a la luna y, contra todo pron\u00f3stico, volvieron sanos y salvos. Es un hecho que, por lo visto, merece dejar de mirar los telescopios por unas horas para centrarse en las constelaciones de canap\u00e9s. Todav\u00eda tienen el susto reflejado en la cara el Armnstrong y sus colegas, hasta ellos mismos pusieron tres cruces en la porra, antes de subirse al cohete. Pero claro, aquellos futuristas primitivos, con ordenadores de bombillas y cables gordos como colas de lagarto, a falta de gigas y megas, seguramente ten\u00edan afici\u00f3n, como el amigo australiano, y eso les salv\u00f3. Cualquier d\u00eda de estos un aficionado nos saca de la crisis y acaba con la gripe A en una tarde de inspiraci\u00f3n. Pasen buen d\u00eda.<\/FONT><\/p>\n<p> <P class=MsoNormal style=\"MARGIN: 0cm 0cm 0pt; TEXT-ALIGN: justify\"><o:p><FONT face=\"Times New Roman\" size=3><\/FONT><\/o:p><br \/>\n<BIG><STRONG><BIG> <DIV style=\"TEXT-ALIGN: center\"><BIG><STRONG><BIG>&#8220;\u00a1<STRONG>CON AFICI\u00d3N Y UN POQUITO DE FRICCI\u00d3N RECORREREMOS LOS CAMINOS!&#8221;<\/STRONG><\/BIG><\/STRONG><\/BIG><\/DIV><BIG><STRONG><BIG><STRONG><\/STRONG><\/BIG><\/STRONG><\/BIG><\/p>\n<p><BIG><STRONG><BIG><STRONG> <DIV style=\"TEXT-ALIGN: center\"><BIG><STRONG><BIG><STRONG>(La frase de hoy)<\/STRONG><\/BIG><\/STRONG><\/BIG><\/p>\n<p><\/DIV><br \/>\n<IMG class=imgcen id=img_1 src=\"\/oscarterol\/wp-content\/uploads\/sites\/30\">  <DIV style=\"TEXT-ALIGN: center\">(La fresa del&#8230; \u00a1uy!)<\/DIV> <DIV style=\"TEXT-ALIGN: center\"> <\/DIV> <DIV style=\"TEXT-ALIGN: center\"><\/DIV> <DIV style=\"TEXT-ALIGN: center\"><\/DIV> <DIV style=\"TEXT-ALIGN: center\"><IMG class=imgcen id=img_2 src=\"\/oscarterol\/wp-content\/uploads\/sites\/30\">(El friso del Parten\u00f3n)<\/DIV> <DIV style=\"TEXT-ALIGN: center\"> <\/DIV> <DIV style=\"TEXT-ALIGN: center\"><\/DIV> <DIV style=\"TEXT-ALIGN: center\"><IMG class=imgcen id=img_3 src=\"\/oscarterol\/wp-content\/uploads\/sites\/30\/MelocotC3B3nalmibar1.JPG\">(El frasco del melocot\u00f3n)<\/DIV> <DIV style=\"TEXT-ALIGN: center\"> <\/DIV> <DIV style=\"TEXT-ALIGN: center\">Me detengo aqu\u00ed por decencia, que me ven\u00eda a la cabeza: &#8220;El frote del&#8230;&#8221;<\/DIV> <DIV style=\"TEXT-ALIGN: center\"> <\/DIV> <DIV style=\"TEXT-ALIGN: center\">A gozarlaaaaaaa<br \/>\n<\/DIV><br \/>\n<\/STRONG><\/BIG><\/STRONG><\/BIG><\/BIG><\/STRONG><\/BIG><\/p>\n<!-- AddThis Advanced Settings generic via filter on the_content --><!-- AddThis Share Buttons generic via filter on the_content -->","protected":false},"excerpt":{"rendered":"<p>&#8220;La galerna se cort\u00f3 como una mayonesa mal batida&#8221; (La frase de ayer) Buenos d\u00edas hermandad. Hoy Perea descansa en emisiones, me ha dicho que est\u00e1 en una misi\u00f3n especial y que necesita dos d\u00edas para grabarla, le esperaremos. Espero que vuestros tocinillos y lorcitas sinuosas sigan en su sitio despu\u00e9s del torrado de ayer. [&hellip;]<!-- AddThis Advanced Settings generic via filter on get_the_excerpt --><!-- AddThis Share Buttons generic via filter on get_the_excerpt --><\/p>\n","protected":false},"author":42,"featured_media":0,"comment_status":"open","ping_status":"closed","sticky":false,"template":"","format":"standard","meta":[],"categories":[9],"tags":[],"_links":{"self":[{"href":"https:\/\/blogs.elcorreo.com\/oscarterol\/wp-json\/wp\/v2\/posts\/278"}],"collection":[{"href":"https:\/\/blogs.elcorreo.com\/oscarterol\/wp-json\/wp\/v2\/posts"}],"about":[{"href":"https:\/\/blogs.elcorreo.com\/oscarterol\/wp-json\/wp\/v2\/types\/post"}],"author":[{"embeddable":true,"href":"https:\/\/blogs.elcorreo.com\/oscarterol\/wp-json\/wp\/v2\/users\/42"}],"replies":[{"embeddable":true,"href":"https:\/\/blogs.elcorreo.com\/oscarterol\/wp-json\/wp\/v2\/comments?post=278"}],"version-history":[{"count":0,"href":"https:\/\/blogs.elcorreo.com\/oscarterol\/wp-json\/wp\/v2\/posts\/278\/revisions"}],"wp:attachment":[{"href":"https:\/\/blogs.elcorreo.com\/oscarterol\/wp-json\/wp\/v2\/media?parent=278"}],"wp:term":[{"taxonomy":"category","embeddable":true,"href":"https:\/\/blogs.elcorreo.com\/oscarterol\/wp-json\/wp\/v2\/categories?post=278"},{"taxonomy":"post_tag","embeddable":true,"href":"https:\/\/blogs.elcorreo.com\/oscarterol\/wp-json\/wp\/v2\/tags?post=278"}],"curies":[{"name":"wp","href":"https:\/\/api.w.org\/{rel}","templated":true}]}}