{"id":275,"date":"2009-07-17T07:44:00","date_gmt":"2009-07-17T07:44:00","guid":{"rendered":"http:\/\/blogs.elcorreo.com\/oscarterol\/?p=275"},"modified":"2009-07-17T07:44:00","modified_gmt":"2009-07-17T07:44:00","slug":"el-paritorio","status":"publish","type":"post","link":"https:\/\/blogs.elcorreo.com\/oscarterol\/2009\/07\/17\/el-paritorio\/","title":{"rendered":"El paritorio"},"content":{"rendered":"<p>Buenos d\u00edas hermanos. En vista de la c\u00e1lida acogida que ha tenido la presentaci\u00f3n de Jackson Perea, me compremeto a comprar todos los cap\u00edtulos que encuentre en la feria de televisi\u00f3n de Estepona. Mi objetivo era emitir hoy el segundo pero:<\/p>\n<p>la abuela se ha puesto de parto a las seis de la ma\u00f1ana, trillizos, y rollizos, el m\u00e1s peque\u00f1o pesaba siete kilos. La yegua blanca que tengo en la granja adosada -Azucarglas- tambi\u00e9n, est\u00e1 a punto de caramelo, y hoy hay huelga de veterinarios, as\u00ed que salgo escopeteado con el manual en la mano. Lo dem\u00e1s, lo de siempre: ir a regar las plantas a varias vecinas que est\u00e1n de vacaciones y ese tipo de cosillas. As\u00ed que no puedo darle al &#8220;rec&#8221;. El lunes, que ser\u00e1 otro d\u00eda, empezamos las cosas en serio. Ah, y el circo que puse, efecticamente, han&#8230;<\/p>\n<p><STRONG>Cris<\/STRONG>, t\u00edrate de las orejas y pon el moflete mirando al norte, que te acabo de lanzar un beso al aire, con acuse de recibo.<\/p>\n<p><STRONG>Mikel<\/STRONG>, gracias por tus ideas.<\/p>\n<p>Os cuelgo el art\u00edculo de hoy<\/p>\n<p> <P class=MsoNormal style=\"MARGIN: 0cm 0cm 0pt\"><B style=\"mso-bidi-font-weight: normal\"><FONT size=3><FONT face=\"Times New Roman\">Vendetta<?xml:namespace prefix = o ns = \"urn:schemas-microsoft-com:office:office\" \/><o:p><\/o:p><\/FONT><\/FONT><\/B><\/p>\n<p> <P class=MsoNormal style=\"MARGIN: 0cm 0cm 0pt\"><o:p><FONT face=\"Times New Roman\" size=3><\/FONT><\/o:p><\/p>\n<p> <P class=MsoNormal style=\"MARGIN: 0cm 0cm 0pt\"><FONT face=\"Times New Roman\" size=3>Lo escribo en italiano porque, generalmente, es un paparazzi el que dispara, ya saben, uno de esos francotiradores con \u00e1nimo de lucro que matan la intimidad y cobran por pellejo enfocado. Para m\u00ed, estamos ante un claro caso de venganza del pueblo llano, es decir, del pueblo morcill\u00f3n y celul\u00edtico, los <SPAN style=\"mso-spacerun: yes\"><\/SPAN>que soportamos<SPAN style=\"mso-spacerun: yes\"> <\/SPAN>estoicamente la dictadura de los posados con \u201cfotosop\u201d y maquillaje quitapenas. Reconozco que me siento atra\u00eddo por esta baja pasi\u00f3n, sin ir m\u00e1s lejos, ayer me compr\u00e9 una revista que anunciaba en la portada varios robados de orilla con molla. Una de las protagonistas de la cacer\u00eda c\u00e1rnica era la musa del cine espa\u00f1ol, Pen\u00e9lope Cruz, que sal\u00eda del agua luciendo hermosura y un \u201cdonde agarrar\u201d nada despreciable. La lista de \u201cpillados sin meter tripa\u201d era larga: cantantes, actores, modelos, la ex de fulanito, y la nueva novia de menganito. A cada cual m\u00e1s rid\u00edculo, con la cl\u00e1sica barriguita descolgada, el culo ca\u00eddo, o los michelines al viento, el caso es mostrar quien se esconde detr\u00e1s de los trajes embutidos y las horas de peluquer\u00eda. Se intuye cierto ensa\u00f1amiento y<SPAN style=\"mso-spacerun: yes\"> <\/SPAN>algo de rabia en este tipo de reportajes de las revistas de primera l\u00ednea de<IMG class=imgdcha id=img_0 src=\"\/oscarterol\/wp-content\/uploads\/sites\/30\/161711_Ba\u00f1ador.bmp\"> kiosco. Si lo analizamos fr\u00edamente, es normal, y aun dir\u00eda m\u00e1s: es humanamente razonable que nos den esta carnaza. Tranquiliza bastante comprobar que todos tenemos varias versiones est\u00e9ticas, incluso los que est\u00e1n considerados \u201cmodelos a seguir\u201d. Y adem\u00e1s esta verdad al desnudo coincide con la \u00e9poca en la que tenemos que enfrentarnos al trance de ponernos en pelotas floreadas \u2013porque por mucho traje de ba\u00f1o que lleves, en la playa estamos en pelotas-, delante del p\u00fablico y de nuestros cu\u00f1ados. Personalmente, y s\u00e9 que estoy meti\u00e9ndome en un jard\u00edn con cactus y perro peligroso, me alegro cuando compruebo que el ba\u00f1ador no sienta bien a casi nadie, y que desnudos, salvo contadas excepciones, todos tenemos algo que ocultar. Pasen buen d\u00eda.<\/FONT><\/p>\n<p> <P class=MsoNormal style=\"MARGIN: 0cm 0cm 0pt\"><o:p><FONT face=\"Times New Roman\" size=3><\/FONT><\/o:p><\/p>\n<p> <P class=MsoNormal style=\"MARGIN: 0cm 0cm 0pt\"><o:p><FONT face=\"Times New Roman\" size=3><\/FONT><\/o:p><\/p>\n<p>A gozarlaaaaaaaaaaaaaa<\/p>\n<!-- AddThis Advanced Settings generic via filter on the_content --><!-- AddThis Share Buttons generic via filter on the_content -->","protected":false},"excerpt":{"rendered":"<p>Buenos d\u00edas hermanos. En vista de la c\u00e1lida acogida que ha tenido la presentaci\u00f3n de Jackson Perea, me compremeto a comprar todos los cap\u00edtulos que encuentre en la feria de televisi\u00f3n de Estepona. Mi objetivo era emitir hoy el segundo pero: la abuela se ha puesto de parto a las seis de la ma\u00f1ana, trillizos, [&hellip;]<!-- AddThis Advanced Settings generic via filter on get_the_excerpt --><!-- AddThis Share Buttons generic via filter on get_the_excerpt --><\/p>\n","protected":false},"author":42,"featured_media":0,"comment_status":"open","ping_status":"closed","sticky":false,"template":"","format":"standard","meta":[],"categories":[9],"tags":[],"_links":{"self":[{"href":"https:\/\/blogs.elcorreo.com\/oscarterol\/wp-json\/wp\/v2\/posts\/275"}],"collection":[{"href":"https:\/\/blogs.elcorreo.com\/oscarterol\/wp-json\/wp\/v2\/posts"}],"about":[{"href":"https:\/\/blogs.elcorreo.com\/oscarterol\/wp-json\/wp\/v2\/types\/post"}],"author":[{"embeddable":true,"href":"https:\/\/blogs.elcorreo.com\/oscarterol\/wp-json\/wp\/v2\/users\/42"}],"replies":[{"embeddable":true,"href":"https:\/\/blogs.elcorreo.com\/oscarterol\/wp-json\/wp\/v2\/comments?post=275"}],"version-history":[{"count":0,"href":"https:\/\/blogs.elcorreo.com\/oscarterol\/wp-json\/wp\/v2\/posts\/275\/revisions"}],"wp:attachment":[{"href":"https:\/\/blogs.elcorreo.com\/oscarterol\/wp-json\/wp\/v2\/media?parent=275"}],"wp:term":[{"taxonomy":"category","embeddable":true,"href":"https:\/\/blogs.elcorreo.com\/oscarterol\/wp-json\/wp\/v2\/categories?post=275"},{"taxonomy":"post_tag","embeddable":true,"href":"https:\/\/blogs.elcorreo.com\/oscarterol\/wp-json\/wp\/v2\/tags?post=275"}],"curies":[{"name":"wp","href":"https:\/\/api.w.org\/{rel}","templated":true}]}}