{"id":273,"date":"2009-07-15T10:30:00","date_gmt":"2009-07-15T10:30:00","guid":{"rendered":"http:\/\/blogs.elcorreo.com\/oscarterol\/?p=273"},"modified":"2009-07-15T10:30:00","modified_gmt":"2009-07-15T10:30:00","slug":"eup","status":"publish","type":"post","link":"https:\/\/blogs.elcorreo.com\/oscarterol\/2009\/07\/15\/eup\/","title":{"rendered":"Eup!"},"content":{"rendered":"<p>Hola, buenos d\u00edas familia. No me hab\u00eda pasado esto en la vida; acabo de grabar un v\u00eddeo para colgarlo, y cuando lo he visto, me ha parecido una chorrada digna de castigo divino con plaga b\u00edblica. (Pepe ataca aqu\u00ed: &#8220;Ya te ha costado darte cuenta&#8230;&#8221;) Y mira que he colgado aqu\u00ed cosas al l\u00edmite de lo humanamente aceptable, pero con esta me ha entrado el pudor. Ostias. Ma\u00f1ana lo volver\u00e9 a intentar; lo juro, no s\u00e9 qu\u00e9 me pasa hoy. <\/p>\n<p>\u00bfEstar\u00e9 sentando la cabeza a mis a\u00f1os? No puede ser que me caiga esa condena a m\u00ed. <\/p>\n<p>No lo digo en broma; el video est\u00e1 grabado, es el primer cap\u00edtulo de <STRONG>&#8220;Jackson Perea, criador de calcetines&#8221; <\/STRONG>Una serie nueva que quer\u00eda inaugurar, pero&#8230;<\/p>\n<p>No, y tiene buena pinta, a ver si ma\u00f1ana me levanto con la inconsciencia necesaria.<\/p>\n<p>Os pido disculpas hermanos, un d\u00eda cuerdo lo tiene cualquiera.<\/p>\n<p>&#8212;&#8212;&#8212;&#8212;&#8212;&#8212;&#8212;&#8212;&#8212;&#8212;&#8212;&#8212;&#8212;&#8212;&#8212;&#8212;&#8212;&#8212;&#8212;&#8212;&#8212;&#8212;&#8212;&#8212;&#8212;&#8212;-<\/p>\n<p>El art\u00edculo de hoy<\/p>\n<p> <P class=MsoNormal style=\"MARGIN: 0cm 0cm 0pt\"><B style=\"mso-bidi-font-weight: normal\"><FONT size=3><FONT face=\"Times New Roman\">Previsiones<?xml:namespace prefix = o ns = \"urn:schemas-microsoft-com:office:office\" \/><o:p><\/o:p><\/FONT><\/FONT><\/B><\/p>\n<p> <P class=MsoNormal style=\"MARGIN: 0cm 0cm 0pt\"><o:p><FONT face=\"Times New Roman\" size=3><\/FONT><\/o:p><\/p>\n<p> <P class=MsoNormal style=\"MARGIN: 0cm 0cm 0pt; TEXT-ALIGN: justify\"><FONT face=\"Times New Roman\" size=3>Muerto el \u00faltimo toro de Pamplona, se puede afirmar que estamos metidos en arena; hoy es verano, y dura un mes y poco m\u00e1s; lo siento. Pobre de m\u00ed, y pobre de usted tambi\u00e9n, porque, otro a\u00f1o m\u00e1s, nos sentiremos pobretones ante la previsible oferta veraniega de, titulares, seriales y alpistes sedantes para nuestras conciencias en reposo. Mucho me temo que el contenido informativo que nos espera es, como vulgarmente se dice: m\u00e1s de lo mismo. La previsi\u00f3n en cuanto a temas no va a sufrir demasiadas modificaciones respecto a jornadas anteriores, no se contemplan grandes cambios en el horizonte period\u00edstico. Seguir\u00e1n azotando los vientos del \u201clevante la mano el que est\u00e9 limpio de polvo y paja\u201d, que provocar\u00e1n titulares con riesgo de tormenta interna en las filas del PP. O mejor que \u201cfilas\u201d habr\u00eda que decir: hilos, en claro homenaje al sastrecillo valiente. Por desgracia, parece que la borrasca de <?xml:namespace prefix = st1 ns = \"urn:schemas-microsoft-com:office:smarttags\" \/><st1:PersonName w:st=\"on\" ProductID=\"la Gripe A\">la Gripe A<\/st1:PersonName> se ha instalado definitivamente en nuestro territorio, y amenaza con seguir amenazando. Por lo tanto, no nos libraremos del goteo de noticias relativas a este catarro, en ocasiones macabro, y<SPAN style=\"mso-spacerun: yes\"> <\/SPAN>siempre con af\u00e1n de protagonismo. Los d\u00edas en los que el viento proveniente del sur se manifieste con fuerza, nudos y, sobre todo, galones, habr\u00e1 riesgo de que se desencadene \u201cla galerna Urkullu\u201d, que entrar\u00e1, presumiblemente, por la ladera del Gorbea para contrarrestar los efectos del soplo hisp\u00e1nico desmesurado. Si ampliamos el mapa hasta su categor\u00eda de \u201cmundi\u201d, observaremos como, al otro lado del atl\u00e1ntico, hay dos focos de inestabilidad que han entrado en la fase de cronificaci\u00f3n: el hurac\u00e1n \u201cHonduras\u201d, que sigue dando coletazos y pataletas; y la tempestad \u201cJackson\u201d, que se recrudece con la entrada en escena de los bailarines secundarios. Por lo dem\u00e1s, no se esperan precipitaciones de optimismo en la econom\u00eda, as\u00ed que habr\u00e1 que cerrar algunos grifos y echarle la culpa de todo a Cristiano Ronaldo. Pasen buen d\u00eda.<\/FONT><\/p>\n<p> <P class=MsoNormal style=\"MARGIN: 0cm 0cm 0pt\"><o:p><FONT face=\"Times New Roman\" size=3>&#8212;&#8212;&#8212;&#8212;&#8212;&#8212;&#8212;&#8212;&#8212;&#8212;&#8212;&#8212;&#8212;&#8212;&#8212;&#8212;&#8212;&#8212;&#8212;&#8212;&#8212;&#8212;&#8212;&#8212;&#8212;&#8212;&#8212;&#8212;&#8212;&#8212;<\/FONT><\/o:p><\/p>\n<p> <P class=MsoNormal style=\"MARGIN: 0cm 0cm 0pt\"><o:p><IMG class=imgcen id=img_0 src=\"\/oscarterol\/wp-content\/uploads\/sites\/30\"><\/o:p><br \/>\nPasar buen d\u00eda. <P class=MsoNormal style=\"MARGIN: 0cm 0cm 0pt\">  <P class=MsoNormal style=\"MARGIN: 0cm 0cm 0pt\">Ya lo tengo claro, ma\u00f1ana lo cuelgo, me acabo de venir arriba.<br \/>\n <P class=MsoNormal style=\"MARGIN: 0cm 0cm 0pt\"><o:p><FONT face=\"Times New Roman\" size=3><\/FONT><\/o:p><\/p>\n<!-- AddThis Advanced Settings generic via filter on the_content --><!-- AddThis Share Buttons generic via filter on the_content -->","protected":false},"excerpt":{"rendered":"<p>Hola, buenos d\u00edas familia. No me hab\u00eda pasado esto en la vida; acabo de grabar un v\u00eddeo para colgarlo, y cuando lo he visto, me ha parecido una chorrada digna de castigo divino con plaga b\u00edblica. (Pepe ataca aqu\u00ed: &#8220;Ya te ha costado darte cuenta&#8230;&#8221;) Y mira que he colgado aqu\u00ed cosas al l\u00edmite de [&hellip;]<!-- AddThis Advanced Settings generic via filter on get_the_excerpt --><!-- AddThis Share Buttons generic via filter on get_the_excerpt --><\/p>\n","protected":false},"author":42,"featured_media":0,"comment_status":"open","ping_status":"closed","sticky":false,"template":"","format":"standard","meta":[],"categories":[9],"tags":[],"_links":{"self":[{"href":"https:\/\/blogs.elcorreo.com\/oscarterol\/wp-json\/wp\/v2\/posts\/273"}],"collection":[{"href":"https:\/\/blogs.elcorreo.com\/oscarterol\/wp-json\/wp\/v2\/posts"}],"about":[{"href":"https:\/\/blogs.elcorreo.com\/oscarterol\/wp-json\/wp\/v2\/types\/post"}],"author":[{"embeddable":true,"href":"https:\/\/blogs.elcorreo.com\/oscarterol\/wp-json\/wp\/v2\/users\/42"}],"replies":[{"embeddable":true,"href":"https:\/\/blogs.elcorreo.com\/oscarterol\/wp-json\/wp\/v2\/comments?post=273"}],"version-history":[{"count":0,"href":"https:\/\/blogs.elcorreo.com\/oscarterol\/wp-json\/wp\/v2\/posts\/273\/revisions"}],"wp:attachment":[{"href":"https:\/\/blogs.elcorreo.com\/oscarterol\/wp-json\/wp\/v2\/media?parent=273"}],"wp:term":[{"taxonomy":"category","embeddable":true,"href":"https:\/\/blogs.elcorreo.com\/oscarterol\/wp-json\/wp\/v2\/categories?post=273"},{"taxonomy":"post_tag","embeddable":true,"href":"https:\/\/blogs.elcorreo.com\/oscarterol\/wp-json\/wp\/v2\/tags?post=273"}],"curies":[{"name":"wp","href":"https:\/\/api.w.org\/{rel}","templated":true}]}}