{"id":272,"date":"2009-07-10T08:24:00","date_gmt":"2009-07-10T08:24:00","guid":{"rendered":"http:\/\/blogs.elcorreo.com\/oscarterol\/?p=272"},"modified":"2009-07-10T08:24:00","modified_gmt":"2009-07-10T08:24:00","slug":"toros-la-gumbre","status":"publish","type":"post","link":"https:\/\/blogs.elcorreo.com\/oscarterol\/2009\/07\/10\/toros-la-gumbre\/","title":{"rendered":"Toros en la Gumbre"},"content":{"rendered":"<p>Buenos d\u00edas hermanos. Que no pare la fiesta<\/p>\n<p>  <OBJECT id=reproductor  codeBase=http:\/\/fpdownload.macromedia.com\/pub\/shockwave\/cabs\/flash\/swflash.cab#version=9,0,0,0 height=338 width=450><PARAM NAME=\"allowscriptaccess\" VALUE=\"always\"><PARAM NAME=\"movie\" VALUE=\"http:\/\/videos.elcorreodigital.com\/dalealplay.swf?file=1903\/Encierro4.flv&#038;tagclone=elcorreodigital\"><PARAM NAME=\"quality\" VALUE=\"high\"><PARAM NAME=\"wmode\" VALUE=\"transparent\"> <embed   src='\/\/videos.elcorreodigital.com\/dalealplay.swf?file=1903\/Encierro4.flv&#038;tagclone=elcorreodigital' quality='high' wmode='transparent' bgcolor='#ffffff' width='450' height='338' name='flvplayer' type='application\/x-shockwave-flash' pluginspage='http:\/\/www.macromedia.com\/go\/getflashplayer' allowscriptaccess='always' \/><\/embed><\/OBJECT><\/p>\n<p> El articulo:<\/p>\n<p> <P class=MsoNormal style=\"MARGIN: 0cm 0cm 0pt\"><B style=\"mso-bidi-font-weight: normal\"><FONT size=3><FONT face=\"Times New Roman\"><BIG><\/p>\n<p> <P class=MsoNormal style=\"MARGIN: 0cm 0cm 0pt\"><B style=\"mso-bidi-font-weight: normal\"><FONT size=3><FONT face=\"Times New Roman\"><BIG><B style=\"mso-bidi-font-weight: normal\"><FONT size=3><FONT face=\"Times New Roman\">G\u2026<\/FONT><\/FONT><\/B><\/BIG><\/FONT><\/FONT><\/B><\/p>\n<p> <P class=MsoNormal style=\"MARGIN: 0cm 0cm 0pt\"><\/BIG><\/FONT><\/FONT><\/B><?xml:namespace prefix = o ns = \"urn:schemas-microsoft-com:office:office\" \/><o:p><FONT face=\"Times New Roman\" size=3> <\/FONT><\/o:p><\/p>\n<p> <P class=MsoNormal style=\"MARGIN: 0cm 0cm 0pt; TEXT-ALIGN: justify\"><FONT face=\"Times New Roman\" size=3>Tratar de entender el mundo es una tarea que se le antoja complicada a cualquiera, y mucho m\u00e1s un viernes del mes de julio, pero si analizamos los datos que aparecen continuamente en los peri\u00f3dicos y en los informativos, podemos olfatear algunas conclusiones. Seg\u00fan lo veo yo, siempre desde la humildad, el mundo se divide en tres grandes grupos de pa\u00edses. Los mas ricos y poderosos se denominan el G-8, que son los pa\u00edses que deciden cuanto podemos seguir contaminando el planeta y a los que da gusto mandar a un hijo a estudiar un m\u00e1ster, todo dicho sea de paso. Hoy en d\u00eda, pertenecer a este grupo de los elegidos, te da derecho a salir en la misma foto que Obama, a mucha honra, a rozarte con Carla Bruni en alguna cena oficial, y te obliga a poner cara de circunstancia si te toca al lado de la caricatura de Berlusconi y le da por soltar una de sus frases ingeniosas sexuales. Luego tendr\u00edamos un segundo grupo, algunos lo hemos conocido recientemente, que se conoce como el G-5 (Brasil, India, China, M\u00e9xico y Sud\u00e1frica), que son, adem\u00e1s del destino del turismo ex\u00f3tico de los viajeros del G-8 y de muchos parientes nuestros, los pa\u00edses que est\u00e1n emergiendo, vamos, que aspiran a pertenecer, alg\u00fan d\u00eda, al G-13. Pero claro, en el mundo hay m\u00e1s pa\u00edses que el fat\u00eddico n\u00famero; faltamos los dem\u00e1s, los del\u2026 como nadie se atreve a decirlo, voy a ser yo el chivato: los del G-ilipollas, que no es un n\u00famero exacto, pero es primo, muy primo; y par e impar a la vez, ah\u00ed es nada. S\u00ed, porque si no somos ricos, ni estamos emergiendo de la pobreza, ya me van a contar qu\u00e9 pintamos en esta historia llamada planeta tierra. Somos los pa\u00edses que tenemos derecho a ganar competiciones deportivas para creernos que ganamos algo y que damos colorido en el mapa de las banderas, poco m\u00e1s. Ah, debemos estar tambi\u00e9n en una organizaci\u00f3n que se llama <?xml:namespace prefix = st1 ns = \"urn:schemas-microsoft-com:office:smarttags\" \/><st1:PersonName w:st=\"on\" ProductID=\"la ONU\">la ONU<\/st1:PersonName>, y que todav\u00eda nadie sabe a ciencia cierta a que se dedica. Pasen buen d\u00eda.<\/FONT><\/p>\n<p>A gozarlaaaaaaaaaaaaaaaaaaaa<\/p>\n<!-- AddThis Advanced Settings generic via filter on the_content --><!-- AddThis Share Buttons generic via filter on the_content -->","protected":false},"excerpt":{"rendered":"<p>Buenos d\u00edas hermanos. Que no pare la fiesta El articulo: G\u2026 Tratar de entender el mundo es una tarea que se le antoja complicada a cualquiera, y mucho m\u00e1s un viernes del mes de julio, pero si analizamos los datos que aparecen continuamente en los peri\u00f3dicos y en los informativos, podemos olfatear algunas conclusiones. Seg\u00fan [&hellip;]<!-- AddThis Advanced Settings generic via filter on get_the_excerpt --><!-- AddThis Share Buttons generic via filter on get_the_excerpt --><\/p>\n","protected":false},"author":42,"featured_media":0,"comment_status":"open","ping_status":"closed","sticky":false,"template":"","format":"standard","meta":[],"categories":[9],"tags":[],"_links":{"self":[{"href":"https:\/\/blogs.elcorreo.com\/oscarterol\/wp-json\/wp\/v2\/posts\/272"}],"collection":[{"href":"https:\/\/blogs.elcorreo.com\/oscarterol\/wp-json\/wp\/v2\/posts"}],"about":[{"href":"https:\/\/blogs.elcorreo.com\/oscarterol\/wp-json\/wp\/v2\/types\/post"}],"author":[{"embeddable":true,"href":"https:\/\/blogs.elcorreo.com\/oscarterol\/wp-json\/wp\/v2\/users\/42"}],"replies":[{"embeddable":true,"href":"https:\/\/blogs.elcorreo.com\/oscarterol\/wp-json\/wp\/v2\/comments?post=272"}],"version-history":[{"count":0,"href":"https:\/\/blogs.elcorreo.com\/oscarterol\/wp-json\/wp\/v2\/posts\/272\/revisions"}],"wp:attachment":[{"href":"https:\/\/blogs.elcorreo.com\/oscarterol\/wp-json\/wp\/v2\/media?parent=272"}],"wp:term":[{"taxonomy":"category","embeddable":true,"href":"https:\/\/blogs.elcorreo.com\/oscarterol\/wp-json\/wp\/v2\/categories?post=272"},{"taxonomy":"post_tag","embeddable":true,"href":"https:\/\/blogs.elcorreo.com\/oscarterol\/wp-json\/wp\/v2\/tags?post=272"}],"curies":[{"name":"wp","href":"https:\/\/api.w.org\/{rel}","templated":true}]}}