{"id":270,"date":"2009-07-08T11:06:00","date_gmt":"2009-07-08T11:06:00","guid":{"rendered":"http:\/\/blogs.elcorreo.com\/oscarterol\/?p=270"},"modified":"2009-07-08T11:06:00","modified_gmt":"2009-07-08T11:06:00","slug":"informe-errores","status":"publish","type":"post","link":"https:\/\/blogs.elcorreo.com\/oscarterol\/2009\/07\/08\/informe-errores\/","title":{"rendered":"Segundo encierro"},"content":{"rendered":"<p>Ya est\u00e1, lo logr\u00e9; no era suficiente orco para mi cabezoner\u00eda.<\/p>\n<p> <P class=MsoNormal style=\"MARGIN: 0cm 0cm 0pt; TEXT-ALIGN: justify\"><\/p>\n<p> <OBJECT id=reproductor  codeBase=http:\/\/fpdownload.macromedia.com\/pub\/shockwave\/cabs\/flash\/swflash.cab#version=9,0,0,0 height=338 width=450><PARAM NAME=\"allowscriptaccess\" VALUE=\"always\"><PARAM NAME=\"movie\" VALUE=\"http:\/\/videos.elcorreodigital.com\/dalealplay.swf?file=1901\/Encierros2.flv&#038;tagclone=elcorreodigital\"><PARAM NAME=\"quality\" VALUE=\"high\"><PARAM NAME=\"wmode\" VALUE=\"transparent\"> <embed   src='\/\/videos.elcorreodigital.com\/dalealplay.swf?file=1901\/Encierros2.flv&#038;tagclone=elcorreodigital' quality='high' wmode='transparent' bgcolor='#ffffff' width='450' height='338' name='flvplayer' type='application\/x-shockwave-flash' pluginspage='http:\/\/www.macromedia.com\/go\/getflashplayer' allowscriptaccess='always' \/><\/embed><\/OBJECT><br \/>\n <P class=MsoNormal style=\"MARGIN: 0cm 0cm 0pt\"><B style=\"mso-bidi-font-weight: normal\"><FONT size=3><FONT face=\"Times New Roman\">Los malos<?xml:namespace prefix = o ns = \"urn:schemas-microsoft-com:office:office\" \/><o:p><\/o:p><\/FONT><\/FONT><\/B><\/p>\n<p> <P class=MsoNormal style=\"MARGIN: 0cm 0cm 0pt\"><o:p><FONT face=\"Times New Roman\" size=3> <\/FONT><\/o:p><\/p>\n<p> <P class=MsoNormal style=\"MARGIN: 0cm 0cm 0pt; TEXT-ALIGN: justify\"><FONT face=\"Times New Roman\" size=3>Exceptuando la maravillosa rareza triangular que introdujera en la escena el gran Sergio Leone, me refiero a la aportaci\u00f3n del \u201cfeo\u201d, las pel\u00edculas y las historias en general siempre han necesitado del eje que contempla al bien y al mal en extremos opuestos. Bien, mal; amor, desamor; amor, odio; luz, oscuridad; justicia, injusticia, etc. La tensi\u00f3n entre los dos frentes antag\u00f3nicos, sabiamente gestionada por los creadores, nos mantiene en vilo como espectadores y es la estructura fundamental que soporta a las tramas y a los personajes. Esta necesidad de conflicto existencial seguramente tendr\u00e1 relaci\u00f3n con nuestra propia esencia; probablemente en cada uno de nosotros se est\u00e9n librando esas mismas batallas constantemente, incluso en verano. En definitiva, uno de los sentidos o explicaciones que podr\u00eda tener la vida no andar\u00eda lejos de ser el tiempo que tenemos para ir abri\u00e9ndonos al amor. Y mientras estemos en ese proceso, necesitaremos reconocer a los malos para tener referencias de nuestra posici\u00f3n. A escala mundial, y dependiendo de la \u00e9poca y del punto de vista, o del visor l\u00e1ser, los malos han ido cambiando. De hecho, es altamente probable, que usted y yo formemos parte de alg\u00fan ej\u00e9rcito invasor y estemos inscritos<SPAN style=\"mso-spacerun: yes\">  <\/SPAN>en m\u00e1s de una<SPAN style=\"mso-spacerun: yes\">  <\/SPAN>lista de odios irreconciliables. Es el precio de vivir en una esfera, en un mundo plano estas cosas no pasar\u00edan. \u00bfY quienes son nuestros malos? Ah\u00ed quer\u00eda yo llegar. Pues mucho me temo que tenemos que ir prepar\u00e1ndonos para empezar a sospechar seriamente de Corea del Norte y de Ir\u00e1n, los dos son firmes candidatos a protagonizar infinidad de pel\u00edculas con el Rambo o el<SPAN style=\"mso-spacerun: yes\">  <\/SPAN>Van Damme de turno y oficio. Porque mucho me temo que Rusia, la eterna amenaza de los \u201chamburgueseros\u201d, se va a quedar de \u201cfeo\u201d de la pel\u00edcula; o sea, ni para ti, ni para mi. Los rusos ya solo dan miedo en Eurovisi\u00f3n y a la puerta de un chalet de lujo. Pasen buen d\u00eda, o malo, como prefieran.<\/FONT><\/p>\n<p> <P class=MsoNormal style=\"MARGIN: 0cm 0cm 0pt; TEXT-ALIGN: justify\"> <\/p>\n<p>A pasar buen d\u00edaaaaaaaaaaaaaaaaa<\/p>\n<!-- AddThis Advanced Settings generic via filter on the_content --><!-- AddThis Share Buttons generic via filter on the_content -->","protected":false},"excerpt":{"rendered":"<p>Ya est\u00e1, lo logr\u00e9; no era suficiente orco para mi cabezoner\u00eda. Los malos Exceptuando la maravillosa rareza triangular que introdujera en la escena el gran Sergio Leone, me refiero a la aportaci\u00f3n del \u201cfeo\u201d, las pel\u00edculas y las historias en general siempre han necesitado del eje que contempla al bien y al mal en extremos [&hellip;]<!-- AddThis Advanced Settings generic via filter on get_the_excerpt --><!-- AddThis Share Buttons generic via filter on get_the_excerpt --><\/p>\n","protected":false},"author":42,"featured_media":0,"comment_status":"open","ping_status":"closed","sticky":false,"template":"","format":"standard","meta":[],"categories":[9],"tags":[],"_links":{"self":[{"href":"https:\/\/blogs.elcorreo.com\/oscarterol\/wp-json\/wp\/v2\/posts\/270"}],"collection":[{"href":"https:\/\/blogs.elcorreo.com\/oscarterol\/wp-json\/wp\/v2\/posts"}],"about":[{"href":"https:\/\/blogs.elcorreo.com\/oscarterol\/wp-json\/wp\/v2\/types\/post"}],"author":[{"embeddable":true,"href":"https:\/\/blogs.elcorreo.com\/oscarterol\/wp-json\/wp\/v2\/users\/42"}],"replies":[{"embeddable":true,"href":"https:\/\/blogs.elcorreo.com\/oscarterol\/wp-json\/wp\/v2\/comments?post=270"}],"version-history":[{"count":0,"href":"https:\/\/blogs.elcorreo.com\/oscarterol\/wp-json\/wp\/v2\/posts\/270\/revisions"}],"wp:attachment":[{"href":"https:\/\/blogs.elcorreo.com\/oscarterol\/wp-json\/wp\/v2\/media?parent=270"}],"wp:term":[{"taxonomy":"category","embeddable":true,"href":"https:\/\/blogs.elcorreo.com\/oscarterol\/wp-json\/wp\/v2\/categories?post=270"},{"taxonomy":"post_tag","embeddable":true,"href":"https:\/\/blogs.elcorreo.com\/oscarterol\/wp-json\/wp\/v2\/tags?post=270"}],"curies":[{"name":"wp","href":"https:\/\/api.w.org\/{rel}","templated":true}]}}