{"id":268,"date":"2009-07-06T10:13:00","date_gmt":"2009-07-06T10:13:00","guid":{"rendered":"http:\/\/blogs.elcorreo.com\/oscarterol\/?p=268"},"modified":"2009-07-06T10:13:00","modified_gmt":"2009-07-06T10:13:00","slug":"lo-habita-uno","status":"publish","type":"post","link":"https:\/\/blogs.elcorreo.com\/oscarterol\/2009\/07\/06\/lo-habita-uno\/","title":{"rendered":"Lo que habita en uno"},"content":{"rendered":"<p>Buenos d\u00edas hermanos. Aqu\u00ed sigo, ere que erre, haciendo el censo de todas las extra\u00f1as criaturas que habitan en mi interior. <\/p>\n<p> <OBJECT id=reproductor  codeBase=http:\/\/fpdownload.macromedia.com\/pub\/shockwave\/cabs\/flash\/swflash.cab#version=9,0,0,0 height=338 width=450><PARAM NAME=\"allowscriptaccess\" VALUE=\"always\"><PARAM NAME=\"movie\" VALUE=\"http:\/\/videos.elcorreodigital.com\/dalealplay.swf?file=1894\/Antonio.flv&#038;tagclone=elcorreodigital\"><PARAM NAME=\"quality\" VALUE=\"high\"><PARAM NAME=\"wmode\" VALUE=\"transparent\">  <embed     src='\/\/videos.elcorreodigital.com\/dalealplay.swf?file=1894\/Antonio.flv&#038;tagclone=elcorreodigital' quality='high' wmode='transparent' bgcolor='#ffffff' width='450' height='338' name='flvplayer' type='application\/x-shockwave-flash' pluginspage='http:\/\/www.macromedia.com\/go\/getflashplayer' allowscriptaccess='always' \/><\/embed><\/OBJECT><br \/>\nY algo de literatura menor para compensar.<\/p>\n<p> <P class=MsoNormal style=\"MARGIN: 0cm 0cm 0pt\"><B style=\"mso-bidi-font-weight: normal\"><FONT size=3><FONT face=\"Times New Roman\">\u00a1Pum!<?xml:namespace prefix = o ns = \"urn:schemas-microsoft-com:office:office\" \/><o:p><\/o:p><\/FONT><\/FONT><\/B><\/p>\n<p> <P class=MsoNormal style=\"MARGIN: 0cm 0cm 0pt\"><o:p><FONT face=\"Times New Roman\" size=3><\/FONT><\/o:p><\/p>\n<p> <P class=MsoNormal style=\"MARGIN: 0cm 0cm 0pt; TEXT-ALIGN: justify\"><FONT face=\"Times New Roman\" size=3>El inicio del verano puede ser, como ocurre con las otras tres estaciones que inspiraron a Vivaldi, un concepto subjetivo sujeto a la libre interpretaci\u00f3n de cada cual. Por supuesto que tenemos fecha oficial; el calendario, ese gran dictador que no deja margen de maniobra a la felicidad ni a la ilusi\u00f3n, nos meti\u00f3 en vereda veraniega el 21 de junio a las 7, 46. Pero, insisto, hay quien se siente estival el d\u00eda que se pega el primer ba\u00f1o de la temporada; o despu\u00e9s de chupar el primer helado; el d\u00eda que empiezas las vacaciones; cuando cambia la programaci\u00f3n en los medios de comunicaci\u00f3n; cuando ves el primer top-les; el d\u00eda en el que tu vecino, el triste, se envalentona y se pone los pantalones cortos estilo aventurero, etc. Pueden existir tantas entradas en la estaci\u00f3n caliente como sensibilidades censadas. Ahora bien, al igual que ocurre en el mundo del toreo, en el que los matadores tienen que confirmar la alternativa; el verano se confirma todos los a\u00f1os tal d\u00eda como hoy, y lo hace en Pamplona a las doce del mediod\u00eda. El txupinazo que da inicio a los Sanfermines marca el paso a ese mundo de connotaciones atractivas que se le suponen al periodo estival. El estruendo del petardo nos vuelve a dar permiso para so\u00f1ar, anim\u00e1ndonos a la desinhibici\u00f3n y a que despertemos la sensualidad. De todas las esperanzas e ilusiones que invertimos a lo largo del a\u00f1o, el verano<IMG class=imgdcha id=img_0 src=\"\/oscarterol\/wp-content\/uploads\/sites\/30\"> se lleva el porcentaje m\u00e1s alto. Quien m\u00e1s quien menos tiene su peque\u00f1a utop\u00eda encargada en el bazar de los azares: un ligue, o varios; un viaje inici\u00e1tico; un encuentro contigo mismo en alguna tarde ociosa; el sentir que, aunque vivimos ciclos, la vida tiene sentido; el olor de la hierba mojada; las emociones a flor de piel en la v\u00edspera de la fiesta; tiempo para un libro; para un hijo; etc. Todos somos c\u00f3mplices de la esperanza. Pero ojo con el estr\u00e9s, que todo llegar\u00e1 a su debido tiempo, o el verano que viene. Pasen buen d\u00eda.<\/FONT><\/p>\n<p>A gozaaaar.<\/p>\n<!-- AddThis Advanced Settings generic via filter on the_content --><!-- AddThis Share Buttons generic via filter on the_content -->","protected":false},"excerpt":{"rendered":"<p>Buenos d\u00edas hermanos. Aqu\u00ed sigo, ere que erre, haciendo el censo de todas las extra\u00f1as criaturas que habitan en mi interior. Y algo de literatura menor para compensar. \u00a1Pum! El inicio del verano puede ser, como ocurre con las otras tres estaciones que inspiraron a Vivaldi, un concepto subjetivo sujeto a la libre interpretaci\u00f3n de [&hellip;]<!-- AddThis Advanced Settings generic via filter on get_the_excerpt --><!-- AddThis Share Buttons generic via filter on get_the_excerpt --><\/p>\n","protected":false},"author":42,"featured_media":0,"comment_status":"open","ping_status":"closed","sticky":false,"template":"","format":"standard","meta":[],"categories":[9],"tags":[],"_links":{"self":[{"href":"https:\/\/blogs.elcorreo.com\/oscarterol\/wp-json\/wp\/v2\/posts\/268"}],"collection":[{"href":"https:\/\/blogs.elcorreo.com\/oscarterol\/wp-json\/wp\/v2\/posts"}],"about":[{"href":"https:\/\/blogs.elcorreo.com\/oscarterol\/wp-json\/wp\/v2\/types\/post"}],"author":[{"embeddable":true,"href":"https:\/\/blogs.elcorreo.com\/oscarterol\/wp-json\/wp\/v2\/users\/42"}],"replies":[{"embeddable":true,"href":"https:\/\/blogs.elcorreo.com\/oscarterol\/wp-json\/wp\/v2\/comments?post=268"}],"version-history":[{"count":0,"href":"https:\/\/blogs.elcorreo.com\/oscarterol\/wp-json\/wp\/v2\/posts\/268\/revisions"}],"wp:attachment":[{"href":"https:\/\/blogs.elcorreo.com\/oscarterol\/wp-json\/wp\/v2\/media?parent=268"}],"wp:term":[{"taxonomy":"category","embeddable":true,"href":"https:\/\/blogs.elcorreo.com\/oscarterol\/wp-json\/wp\/v2\/categories?post=268"},{"taxonomy":"post_tag","embeddable":true,"href":"https:\/\/blogs.elcorreo.com\/oscarterol\/wp-json\/wp\/v2\/tags?post=268"}],"curies":[{"name":"wp","href":"https:\/\/api.w.org\/{rel}","templated":true}]}}