{"id":267,"date":"2009-07-03T11:15:00","date_gmt":"2009-07-03T11:15:00","guid":{"rendered":"http:\/\/blogs.elcorreo.com\/oscarterol\/?p=267"},"modified":"2009-07-03T11:15:00","modified_gmt":"2009-07-03T11:15:00","slug":"patrimonio-inmaterial","status":"publish","type":"post","link":"https:\/\/blogs.elcorreo.com\/oscarterol\/2009\/07\/03\/patrimonio-inmaterial\/","title":{"rendered":"Patrimonio Inmaterial"},"content":{"rendered":"<p>Buenos d\u00edas hermanos, pongo a vuestra disposici\u00f3n todo mi patrimonio inmaterial.<br \/>\nMe desnudo intelectualmente a cambio de cari\u00f1o; &#8220;que vuelvan los rom\u00e1nticos a poblar las avenidas&#8221; (Es prestada)<\/p>\n<p> <OBJECT id=reproductor  codeBase=http:\/\/fpdownload.macromedia.com\/pub\/shockwave\/cabs\/flash\/swflash.cab#version=9,0,0,0 height=338 width=450><PARAM NAME=\"allowscriptaccess\" VALUE=\"always\"><PARAM NAME=\"movie\" VALUE=\"http:\/\/videos.elcorreodigital.com\/dalealplay.swf?file=1893\/Alimoche.flv&#038;tagclone=elcorreodigital\"><PARAM NAME=\"quality\" VALUE=\"high\"><PARAM NAME=\"wmode\" VALUE=\"transparent\"> <embed   src='\/\/videos.elcorreodigital.com\/dalealplay.swf?file=1893\/Alimoche.flv&#038;tagclone=elcorreodigital' quality='high' wmode='transparent' bgcolor='#ffffff' width='450' height='338' name='flvplayer' type='application\/x-shockwave-flash' pluginspage='http:\/\/www.macromedia.com\/go\/getflashplayer' allowscriptaccess='always' \/><\/embed><\/OBJECT><br \/>\nY el articulo<\/p>\n<p> <P class=MsoNormal style=\"MARGIN: 0cm 0cm 0pt\"><B style=\"mso-bidi-font-weight: normal\"><FONT size=3><FONT face=\"Times New Roman\">14.027<?xml:namespace prefix = o ns = \"urn:schemas-microsoft-com:office:office\" \/><o:p><\/o:p><\/FONT><\/FONT><\/B><\/p>\n<p> <P class=MsoNormal style=\"MARGIN: 0cm 0cm 0pt; TEXT-ALIGN: justify\"><o:p><FONT face=\"Times New Roman\" size=3> <\/FONT><\/o:p><\/p>\n<p> <P class=MsoNormal style=\"MARGIN: 0cm 0cm 0pt; TEXT-ALIGN: justify\"><FONT face=\"Times New Roman\" size=3>Son los votos que avalan a <?xml:namespace prefix = st1 ns = \"urn:schemas-microsoft-com:office:smarttags\" \/><st1:PersonName w:st=\"on\" ProductID=\"la Aste Nagusia\"><st1:PersonName w:st=\"on\" ProductID=\"la Aste\">la Aste<\/st1:PersonName> Nagusia<\/st1:PersonName> bilba\u00edna como Tesoro del Patrimonio Inmaterial de Espa\u00f1a. Mi m\u00e1s sincera enhorabuena. Claro que, al ser un bien inmaterial, no s\u00e9 a quien dedicar mi felicitaci\u00f3n; la lanzar\u00e9 al aire y que la recoja el que se sienta part\u00edcipe de la fiesta. No s\u00e9 si los vecinos de Pamplona estar\u00e1n de acuerdo con el ranking que sit\u00faa a <st1:PersonName w:st=\"on\" ProductID=\"la Aste Nagus?a\">la Aste Nagus\u00eda<\/st1:PersonName> por delante de los Sanfermines, y desconozco lo que dir\u00eda el tal Hemingway si levantara la cabeza, pero el hecho es que Bilbao le ha comido la tostada a la fiesta de las fiestas. La \u00fanica pega que le veo yo a esto de los bienes inmateriales es que est\u00e1n sujetos a la libre interpretaci\u00f3n de cada cual. Habr\u00e1 quien, haciendo gala de su picaresca particular, se atribuya meritos especiales a la hora de valorar el mencionado reconocimiento. Porque dentro de una fiesta popular entra de todo, desde <st1:PersonName w:st=\"on\" ProductID=\"la Mari Jaia\"><st1:PersonName w:st=\"on\" ProductID=\"la Mari\">la Mari<\/st1:PersonName> Jaia<\/st1:PersonName> hasta las borracheras monumentales con premeditaci\u00f3n y alevos\u00eda propias del cualquier festejo. A ver quien le convence ahora al \u201cesponja\u201d de la cuadrilla que no sobrepase la barrera del tercer cubata, el que te mete en la fase de no retorno, cuando sabe que su curda forma parte del Tesoro del Patrimonio Inmaterial. O los mismos bocadillos de \u201csolomo piparrekin\u201d que te los sacan sin pimientos y con media loncha de lomo; este a\u00f1o habr\u00e1 que com\u00e9rselos sin rechistar, porque est\u00e1n bendecidos como bien cultural. Y mucho cuidado con desatender al vecino t\u00edmido que te asalta a las tres de la ma\u00f1ana, envalentonado en alcohol, y que te cuenta, vociferando a un palmo del o\u00eddo que, un d\u00eda, coincidi\u00f3 contigo en el ascensor. Este a\u00f1o, conversaciones de este tipo, y todas las que tengan lugar durante las fiestas, podr\u00e1n considerarse literatura, poes\u00eda urbana de vanguardia. Incluso las micciones sobre fachada municipal, o la cl\u00e1sica entre dos coches, tan propias de las noches de chufla, y que tantas cr\u00edticas reciben, podr\u00e1n ser defendidas con orgullo y argumentos morales. Pasen buen d\u00eda.<\/FONT><\/p>\n<p>A pasarlo bien<\/p>\n<!-- AddThis Advanced Settings generic via filter on the_content --><!-- AddThis Share Buttons generic via filter on the_content -->","protected":false},"excerpt":{"rendered":"<p>Buenos d\u00edas hermanos, pongo a vuestra disposici\u00f3n todo mi patrimonio inmaterial. Me desnudo intelectualmente a cambio de cari\u00f1o; &#8220;que vuelvan los rom\u00e1nticos a poblar las avenidas&#8221; (Es prestada) Y el articulo 14.027 Son los votos que avalan a la Aste Nagusia bilba\u00edna como Tesoro del Patrimonio Inmaterial de Espa\u00f1a. Mi m\u00e1s sincera enhorabuena. Claro que, [&hellip;]<!-- AddThis Advanced Settings generic via filter on get_the_excerpt --><!-- AddThis Share Buttons generic via filter on get_the_excerpt --><\/p>\n","protected":false},"author":42,"featured_media":0,"comment_status":"open","ping_status":"closed","sticky":false,"template":"","format":"standard","meta":[],"categories":[9],"tags":[],"_links":{"self":[{"href":"https:\/\/blogs.elcorreo.com\/oscarterol\/wp-json\/wp\/v2\/posts\/267"}],"collection":[{"href":"https:\/\/blogs.elcorreo.com\/oscarterol\/wp-json\/wp\/v2\/posts"}],"about":[{"href":"https:\/\/blogs.elcorreo.com\/oscarterol\/wp-json\/wp\/v2\/types\/post"}],"author":[{"embeddable":true,"href":"https:\/\/blogs.elcorreo.com\/oscarterol\/wp-json\/wp\/v2\/users\/42"}],"replies":[{"embeddable":true,"href":"https:\/\/blogs.elcorreo.com\/oscarterol\/wp-json\/wp\/v2\/comments?post=267"}],"version-history":[{"count":0,"href":"https:\/\/blogs.elcorreo.com\/oscarterol\/wp-json\/wp\/v2\/posts\/267\/revisions"}],"wp:attachment":[{"href":"https:\/\/blogs.elcorreo.com\/oscarterol\/wp-json\/wp\/v2\/media?parent=267"}],"wp:term":[{"taxonomy":"category","embeddable":true,"href":"https:\/\/blogs.elcorreo.com\/oscarterol\/wp-json\/wp\/v2\/categories?post=267"},{"taxonomy":"post_tag","embeddable":true,"href":"https:\/\/blogs.elcorreo.com\/oscarterol\/wp-json\/wp\/v2\/tags?post=267"}],"curies":[{"name":"wp","href":"https:\/\/api.w.org\/{rel}","templated":true}]}}