{"id":266,"date":"2009-07-02T10:51:00","date_gmt":"2009-07-02T10:51:00","guid":{"rendered":"http:\/\/blogs.elcorreo.com\/oscarterol\/?p=266"},"modified":"2009-07-02T10:51:00","modified_gmt":"2009-07-02T10:51:00","slug":"hoy-soy-este","status":"publish","type":"post","link":"https:\/\/blogs.elcorreo.com\/oscarterol\/2009\/07\/02\/hoy-soy-este\/","title":{"rendered":"Hoy soy este"},"content":{"rendered":"<p>Buenos d\u00edas hermanos. Tengo el d\u00eda tap\u00f3n, el cl\u00e1sico cuadro de estre\u00f1imiento mental. Para el &#8230;potamo, mi estado natural; para m\u00ed, algo pasajero, eso espero.<\/p>\n<p>Estas dos l\u00edneas anteriores, que no pasar\u00e1n a la historia de la literatura, me han robado un cuarto de hora, no digo m\u00e1s. <\/p>\n<p>Estoy m\u00e1 escueto que una tanga por detr\u00e1s, lo s\u00e9, pero es lo que hay, hoy soy este.<\/p>\n<p> TAMBIEN PUEDO ESTAR SUFRIENDO UN PROCESO DE ALECHUZAMIENTO PROGRESIVO; LO QUE EN TERMINOS CIENTIFICOS SE CONOCE COMO BUHONIZACI\u00d3N. ESTAREMOS ATENTOS. <\/p>\n<p><IMG class=imgcen id=img_0 src=\"\/oscarterol\/wp-content\/uploads\/sites\/30\/IMGA0133.JPG\"> &#8212;&#8212;&#8212;&#8212;&#8212;&#8212;&#8212;&#8212;&#8212;&#8212;&#8212;&#8212;&#8212;&#8212;&#8212;&#8212;&#8212;&#8212;&#8212;&#8212;&#8212;&#8212;&#8212;&#8212;&#8212;&#8212;-<STRONG>Anasan<\/STRONG>: Sobre todo vimos ni\u00f1os, j\u00f3venes y adultos de mediana edad. No se ven muchos ancianos, algunos s\u00ed. Y es muy dif\u00edcil calcularles la edad, pueden tener cuarenta a\u00f1os y parecer abuelos. <\/p>\n<p> &#8212;&#8212;&#8212;&#8212;&#8212;&#8212;&#8212;&#8212;&#8212;&#8212;&#8212;&#8212;&#8212;&#8212;&#8212;&#8212;&#8212;&#8212;&#8212;&#8212;&#8212;&#8212;&#8212;&#8212;&#8212;&#8212;-<\/p>\n<p> Pasar buen d\u00eda y&#8230; paciencia conmigo, volver\u00e9.<\/p>\n<!-- AddThis Advanced Settings generic via filter on the_content --><!-- AddThis Share Buttons generic via filter on the_content -->","protected":false},"excerpt":{"rendered":"<p>Buenos d\u00edas hermanos. Tengo el d\u00eda tap\u00f3n, el cl\u00e1sico cuadro de estre\u00f1imiento mental. Para el &#8230;potamo, mi estado natural; para m\u00ed, algo pasajero, eso espero. Estas dos l\u00edneas anteriores, que no pasar\u00e1n a la historia de la literatura, me han robado un cuarto de hora, no digo m\u00e1s. Estoy m\u00e1 escueto que una tanga por [&hellip;]<!-- AddThis Advanced Settings generic via filter on get_the_excerpt --><!-- AddThis Share Buttons generic via filter on get_the_excerpt --><\/p>\n","protected":false},"author":42,"featured_media":0,"comment_status":"open","ping_status":"closed","sticky":false,"template":"","format":"standard","meta":[],"categories":[9],"tags":[],"_links":{"self":[{"href":"https:\/\/blogs.elcorreo.com\/oscarterol\/wp-json\/wp\/v2\/posts\/266"}],"collection":[{"href":"https:\/\/blogs.elcorreo.com\/oscarterol\/wp-json\/wp\/v2\/posts"}],"about":[{"href":"https:\/\/blogs.elcorreo.com\/oscarterol\/wp-json\/wp\/v2\/types\/post"}],"author":[{"embeddable":true,"href":"https:\/\/blogs.elcorreo.com\/oscarterol\/wp-json\/wp\/v2\/users\/42"}],"replies":[{"embeddable":true,"href":"https:\/\/blogs.elcorreo.com\/oscarterol\/wp-json\/wp\/v2\/comments?post=266"}],"version-history":[{"count":0,"href":"https:\/\/blogs.elcorreo.com\/oscarterol\/wp-json\/wp\/v2\/posts\/266\/revisions"}],"wp:attachment":[{"href":"https:\/\/blogs.elcorreo.com\/oscarterol\/wp-json\/wp\/v2\/media?parent=266"}],"wp:term":[{"taxonomy":"category","embeddable":true,"href":"https:\/\/blogs.elcorreo.com\/oscarterol\/wp-json\/wp\/v2\/categories?post=266"},{"taxonomy":"post_tag","embeddable":true,"href":"https:\/\/blogs.elcorreo.com\/oscarterol\/wp-json\/wp\/v2\/tags?post=266"}],"curies":[{"name":"wp","href":"https:\/\/api.w.org\/{rel}","templated":true}]}}