{"id":265,"date":"2009-06-30T11:49:00","date_gmt":"2009-06-30T11:49:00","guid":{"rendered":"http:\/\/blogs.elcorreo.com\/oscarterol\/?p=265"},"modified":"2009-06-30T11:49:00","modified_gmt":"2009-06-30T11:49:00","slug":"fotos","status":"publish","type":"post","link":"https:\/\/blogs.elcorreo.com\/oscarterol\/2009\/06\/30\/fotos\/","title":{"rendered":"Fotos"},"content":{"rendered":"<p>Buenos d\u00edas hermanos. Aqu\u00ed van algunas de las fotos del viaje a Etiop\u00eda. No s\u00e9 hasta cuando seguir\u00e9 recordando, pero de momento, me apetece compartir con vosotros. <\/p>\n<p>UNO DE LOS &#8220;CULPABLES&#8221; DE LA AVENTURA: PEIO, ASOMADO A UN BALC\u00d3N NATURAL DE MAS DE MIL METROS DE DESNIVEL, Y CON EL GORRO RECIEN COMPRADO EN LAS REBAJAS DE ALTA MONTA\u00d1A.<\/p>\n<p> <IMG class=imgcen id=img_0 src=\"\/oscarterol\/wp-content\/uploads\/sites\/30\/Fotosimportadas00035.JPG\"><br \/>\nHERMANOS ET\u00cdOPES<\/p>\n<p><IMG class=imgcen id=img_1 src=\"\/oscarterol\/wp-content\/uploads\/sites\/30\/Fotosimportadas00039.JPG\">LA MUJER DEL CENTRO D ELA FOTO ME PIDIO SER FOTOGRAFIADA.<\/p>\n<p><IMG class=imgcen id=img_3 src=\"\/oscarterol\/wp-content\/uploads\/sites\/30\/Fotosimportadas00045.JPG\">ESTE NI\u00d1O TAMBIEN.<\/p>\n<p> <IMG class=imgcen id=img_4 src=\"\/oscarterol\/wp-content\/uploads\/sites\/30\/Fotosimportadas00046.JPG\">ESTE HOMBRE ME COBR\u00d3 POR ELLO, POR SALIR EN LA FOTO, SAB\u00cdA LATIN.<\/p>\n<p> <IMG class=imgcen id=img_5 src=\"\/oscarterol\/wp-content\/uploads\/sites\/30\/Fotosimportadas00056.JPG\"><\/p>\n<p> LALIBELA: CONJUNTO DE IGLESIAS EXCAVADAS EN LA ROCA, EST\u00c1N A CABALLO ENTRE LA ARQUITECTURA Y LA ESCULTURA. HAY ONCE Y EST\u00c1N CONSIDERADAS LA OCTAVA MARAVILLA DEL MUNDO. ES UNA DE LAS OBRAS DE ARTE M\u00c1S IMPRESIONANTES QUE HE VISTO EN MI VIDA.<\/p>\n<p> <IMG class=imgcen id=img_6 src=\"\/oscarterol\/wp-content\/uploads\/sites\/30\/Fotosimportadas00064.JPG\">EL DIA QUE LLEGAMOS A WUKRO, SE PRODUJO LA FUSI\u00d3N. <\/p>\n<p> <IMG class=imgcen id=img_7 src=\"\/oscarterol\/wp-content\/uploads\/sites\/30\/Fotosimportadas00077.JPG\"><\/p>\n<p> UN CICLISTA DE ALLI QUE NOS VINO A RECIBIR<\/p>\n<p> <IMG class=imgcen id=img_8 src=\"\/oscarterol\/wp-content\/uploads\/sites\/30\/Fotosimportadas00079.JPG\"><\/p>\n<p> LA COCINA TIPICA DE ALLI, DEBAJO D ELA CAMPANA HAY UNA CHAPA DONDE HACEN UNA &#8220;TORTA&#8221; DE CEREAL, BASE DE SU ALIMENTACI\u00d3N ( ENYERA )<\/p>\n<p> <IMG class=imgcen id=img_9 src=\"\/oscarterol\/wp-content\/uploads\/sites\/30\/Fotosimportadas00080.JPG\">ESTA NI\u00d1A, CILISTA TAMBIEN, NOS ABRIO SU CASA Y NOS PREPAR\u00d3 UN CAFE. EN REALIDAD ES UNA CEREMONIA EN LA QUE TE OFRECEN TRES CAF\u00c9S Y MUCHO CARI\u00d1O.<\/p>\n<p> <IMG class=imgcen id=img_10 src=\"\/oscarterol\/wp-content\/uploads\/sites\/30\/Fotosimportadas00083.JPG\"><\/p>\n<p> EL HERMANO DE LA NI\u00d1A Y SU AMIGO REVISANDO LAS FOTOS QUE EST\u00c1BAMOS SACANDO. NO CENSURARON NINGUNA.<\/p>\n<p> <IMG class=imgcen id=img_11 src=\"\/oscarterol\/wp-content\/uploads\/sites\/30\/Fotosimportadas00090.JPG\">ESTA PRECIOSIDAD SE LLAMA EDER Y TIENE CUATRO A\u00d1ITOS, SU MADRE DE 19 A\u00d1OS, QUE ESTABA CON NOSOTROS, PARIO UNA NI\u00d1A AL D\u00cdA SIGUIENTE, SE LLAM\u00d3 ONA.<\/p>\n<p><IMG class=imgcen id=img_12 src=\"\/oscarterol\/wp-content\/uploads\/sites\/30\/Fotosimportadas00093.JPG\">ESTA MUJER PREPARA ENVASES DE TIERRA PARA PLANTAR RETO\u00d1OS DE MANZANO, ES UNA ESPECIE QUE SE DA MUY BIEN ALL\u00cd, EN LA ESCUELA DE AGRICULTURA DE LA MISION. LOS VENDEN EN TODA ETIOPIA.<\/p>\n<p> <IMG class=imgcen id=img_13 src=\"\/oscarterol\/wp-content\/uploads\/sites\/30\/Fotosimportadas00104.JPG\"><\/p>\n<p> MURCI\u00c9LAGOS, SIN M\u00c1S, ES LO M\u00c1S FIERO QUE HE VISTO POR ALL\u00cd.<\/p>\n<p> <IMG class=imgcen id=img_15 src=\"\/oscarterol\/wp-content\/uploads\/sites\/30\/Fotosimportadas00130.JPG\"><\/p>\n<p> UN FURUTO BLOGUERO, SIN DUDA.<\/p>\n<p> <IMG class=imgcen id=img_16 src=\"\/oscarterol\/wp-content\/uploads\/sites\/30\/Fotosimportadas00137.JPG\"><br \/>\nPASAR BUEN DIA<\/p>\n<!-- AddThis Advanced Settings generic via filter on the_content --><!-- AddThis Share Buttons generic via filter on the_content -->","protected":false},"excerpt":{"rendered":"<p>Buenos d\u00edas hermanos. Aqu\u00ed van algunas de las fotos del viaje a Etiop\u00eda. No s\u00e9 hasta cuando seguir\u00e9 recordando, pero de momento, me apetece compartir con vosotros. UNO DE LOS &#8220;CULPABLES&#8221; DE LA AVENTURA: PEIO, ASOMADO A UN BALC\u00d3N NATURAL DE MAS DE MIL METROS DE DESNIVEL, Y CON EL GORRO RECIEN COMPRADO EN LAS [&hellip;]<!-- AddThis Advanced Settings generic via filter on get_the_excerpt --><!-- AddThis Share Buttons generic via filter on get_the_excerpt --><\/p>\n","protected":false},"author":42,"featured_media":0,"comment_status":"open","ping_status":"closed","sticky":false,"template":"","format":"standard","meta":[],"categories":[9],"tags":[],"_links":{"self":[{"href":"https:\/\/blogs.elcorreo.com\/oscarterol\/wp-json\/wp\/v2\/posts\/265"}],"collection":[{"href":"https:\/\/blogs.elcorreo.com\/oscarterol\/wp-json\/wp\/v2\/posts"}],"about":[{"href":"https:\/\/blogs.elcorreo.com\/oscarterol\/wp-json\/wp\/v2\/types\/post"}],"author":[{"embeddable":true,"href":"https:\/\/blogs.elcorreo.com\/oscarterol\/wp-json\/wp\/v2\/users\/42"}],"replies":[{"embeddable":true,"href":"https:\/\/blogs.elcorreo.com\/oscarterol\/wp-json\/wp\/v2\/comments?post=265"}],"version-history":[{"count":0,"href":"https:\/\/blogs.elcorreo.com\/oscarterol\/wp-json\/wp\/v2\/posts\/265\/revisions"}],"wp:attachment":[{"href":"https:\/\/blogs.elcorreo.com\/oscarterol\/wp-json\/wp\/v2\/media?parent=265"}],"wp:term":[{"taxonomy":"category","embeddable":true,"href":"https:\/\/blogs.elcorreo.com\/oscarterol\/wp-json\/wp\/v2\/categories?post=265"},{"taxonomy":"post_tag","embeddable":true,"href":"https:\/\/blogs.elcorreo.com\/oscarterol\/wp-json\/wp\/v2\/tags?post=265"}],"curies":[{"name":"wp","href":"https:\/\/api.w.org\/{rel}","templated":true}]}}