{"id":264,"date":"2009-06-29T10:01:00","date_gmt":"2009-06-29T10:01:00","guid":{"rendered":"http:\/\/blogs.elcorreo.com\/oscarterol\/?p=264"},"modified":"2009-06-29T10:01:00","modified_gmt":"2009-06-29T10:01:00","slug":"montanas-y-montantes","status":"publish","type":"post","link":"https:\/\/blogs.elcorreo.com\/oscarterol\/2009\/06\/29\/montanas-y-montantes\/","title":{"rendered":"Monta\u00f1as y montantes"},"content":{"rendered":"<p>Buenos d\u00edas hermanos, poco a poco voy recobrando mi &#8220;occidentalidad&#8221;. Mi yo africano est\u00e1 entrando en fase de letargo, a la espera de ser reanimado por otra aventura. <\/p>\n<p>Estos d\u00edas, ir\u00e9 colgando en el blog videos y fotos del viaje por Etiop\u00eda. Los v\u00eddeos est\u00e1n grabados desde el manillar de la bicicleta, mont\u00e9 un artilugio para enganchar la c\u00e1mara y grababa mientras and\u00e1bamos. Son planos curiosos, la calidad depende del asfalto y de los baches.<\/p>\n<p> &#8212;&#8212;&#8212;&#8212;&#8212;&#8212;&#8212;&#8212;&#8212;CON EL CULO EN EL SILL\u00cdN&#8212;&#8212;&#8212;&#8212;&#8212;&#8212;&#8212;&#8212;&#8212;<\/p>\n<p>ESTA TOMA TIENE SU DIFICULTAD, EL QUE MUEVE LA C\u00c1MARA ES EL MISMO QUE PEDALEA Y QUE HABLA, Y EL MISMO QUE ESQUIVA BURROS Y CAMELLOS A SU PASO; EL MENDA.<\/p>\n<p>  <OBJECT id=reproductor  codeBase=http:\/\/fpdownload.macromedia.com\/pub\/shockwave\/cabs\/flash\/swflash.cab#version=9,0,0,0 height=338 width=450><PARAM NAME=\"allowscriptaccess\" VALUE=\"always\"><PARAM NAME=\"movie\" VALUE=\"http:\/\/videos.elcorreodigital.com\/dalealplay.swf?file=1876\/Produce1.flv&#038;tagclone=elcorreodigital\"><PARAM NAME=\"quality\" VALUE=\"high\"><PARAM NAME=\"wmode\" VALUE=\"transparent\">  <embed     src='\/\/videos.elcorreodigital.com\/dalealplay.swf?file=1876\/Produce1.flv&#038;tagclone=elcorreodigital' quality='high' wmode='transparent' bgcolor='#ffffff' width='450' height='338' name='flvplayer' type='application\/x-shockwave-flash' pluginspage='http:\/\/www.macromedia.com\/go\/getflashplayer' allowscriptaccess='always' \/><\/embed><\/OBJECT><\/p>\n<p><FONT color=#cc0000>TENGO MATERIAL PARA ABURRIR, Y RECONOZCO QUE SIEMPRE HE HABLADO MAL DE LOS QUE ME ENSE\u00d1AN LOS VIDEOS DE SUS VIAJES, AS\u00cd QUE CUANDO EMPIECE A SER CANSINO, ME LO HAC\u00c9IS SABER CON ALG\u00daN COMENTARIO (IR\u00d3NICO POR FAVOR), QUE UNO TIENE SU SENSIBILIDAD: (EJ: Oscar, \u00bfeste blog no era de humor?)<\/p>\n<p><\/FONT><\/p>\n<p> &#8212;&#8212;&#8212;&#8212;&#8212;&#8212;&#8212;&#8212;&#8212;&#8212;&#8212;&#8212;&#8212;&#8212;&#8212;&#8212;&#8212;&#8212;&#8212;&#8212;&#8212;&#8212;&#8212;&#8212;&#8212;&#8212;-<\/p>\n<p>En este post batiburrillo no pod\u00eda faltar el art\u00edculo. Hoy dedicado a una de mis fobias bienpeinadas.<\/p>\n<p> <P class=MsoNormal style=\"MARGIN: 0cm 0cm 0pt\"><B style=\"mso-bidi-font-weight: normal\"><FONT size=3><FONT face=\"Times New Roman\">Angelina <IMG class=imgcen id=img_0 src=\"\/oscarterol\/wp-content\/uploads\/sites\/30\"><?xml:namespace prefix = o ns = \"urn:schemas-microsoft-com:office:office\" \/><o:p><\/o:p><\/FONT><\/FONT><\/B><\/p>\n<p> <P class=MsoNormal style=\"MARGIN: 0cm 0cm 0pt\"><B style=\"mso-bidi-font-weight: normal\"><o:p><FONT face=\"Times New Roman\" size=3><\/FONT><\/o:p><\/B><\/p>\n<p> <P class=MsoNormal style=\"MARGIN: 0cm 0cm 0pt; TEXT-ALIGN: justify\"><FONT face=\"Times New Roman\" size=3>Dice estar cansada del cine americano \u2013 deber\u00eda expresar tambi\u00e9n agradecimiento, ya que es el que le ha llenado el bolso y el ego- y<SPAN style=\"mso-spacerun: yes\"> <\/SPAN>parad\u00f3jicamente, se esfuerza en convertir su vida en un gui\u00f3n a medida del Hollywood m\u00e1s taquillero y banal. Ahora, <?xml:namespace prefix = st1 ns = \"urn:schemas-microsoft-com:office:smarttags\" \/><st1:PersonName w:st=\"on\" ProductID=\"la Jolie\">la Jolie<\/st1:PersonName> quiere ser presidenta de los Estados Unidos, ah\u00ed es nada, aspira a ser la sucesora del mism\u00edsimo Barak Obama. La chica, mejor dir\u00e9: la se\u00f1ora, no se conforma con una concejal\u00eda de bienestar social en su pueblo, o con una presidencia honor\u00edfica de alguna ONG, que ser\u00eda lo suyo, no, tiene que menear la cadera por los pasillos de la casa blanca, y saludar desde un balc\u00f3n acompa\u00f1ada de sus ni\u00f1os y del at\u00f3nito Brad. Este chico, mejor dir\u00e9: este se\u00f1or Pitt, tiene que estar necesitando ya una cena con su cuadrilla de toda la vida para desahogar varios naufragios seguidos. S\u00ed, porque la se\u00f1ora es mona un rato largo, pero ambiciosa como ella sola; lleva una progresi\u00f3n imparable, vale que es ben\u00e9fica su causa, y digna de encomio, de acuerdo, pero hasta los santos se toman sus respiros. Ya sabemos que el hecho de tener un sue\u00f1o o un deseo, por muy bienintencionado que sea, no asegura su materializaci\u00f3n \u2013todos nos hemos imaginado ocupando alg\u00fan cargo que no sea el de presidente de la comunidad de vecinos- pero hay algo en esta enso\u00f1aci\u00f3n de <st1:PersonName w:st=\"on\" ProductID=\"la Jolie\">la Jolie<\/st1:PersonName> que me inquieta particularmente; la veo factible. No me cuesta imaginarme al amigo Brad, en plena cumbre mundial, departiendo amigablemente con Carla Bruni, por poner un ejemplo, sobre las exigencias de ser consorte de un G8. Y el consiguiente duelo de culos, cinturas de avispa y miradas lascivas institucionales. Y con <st1:PersonName w:st=\"on\" ProductID=\"la Jolie\">la Jolie<\/st1:PersonName> de por medio, mucho tendr\u00e1 que forzar el coxis la italiana si quiere revalidar el t\u00edtulo de mejor trasero del mundo. Si tienen usted una hija guapa, o una nieta con carita angelical, piense en las consecuencias antes de decirle: <<eres la ni\u00f1a m\u00e1s guapa del mundo>>. Pasen buen d\u00eda.<\/FONT><\/p>\n<p>PASAR BUEN DIA<\/p>\n<!-- AddThis Advanced Settings generic via filter on the_content --><!-- AddThis Share Buttons generic via filter on the_content -->","protected":false},"excerpt":{"rendered":"<p>Buenos d\u00edas hermanos, poco a poco voy recobrando mi &#8220;occidentalidad&#8221;. Mi yo africano est\u00e1 entrando en fase de letargo, a la espera de ser reanimado por otra aventura. Estos d\u00edas, ir\u00e9 colgando en el blog videos y fotos del viaje por Etiop\u00eda. Los v\u00eddeos est\u00e1n grabados desde el manillar de la bicicleta, mont\u00e9 un artilugio [&hellip;]<!-- AddThis Advanced Settings generic via filter on get_the_excerpt --><!-- AddThis Share Buttons generic via filter on get_the_excerpt --><\/p>\n","protected":false},"author":42,"featured_media":0,"comment_status":"open","ping_status":"closed","sticky":false,"template":"","format":"standard","meta":[],"categories":[9],"tags":[],"_links":{"self":[{"href":"https:\/\/blogs.elcorreo.com\/oscarterol\/wp-json\/wp\/v2\/posts\/264"}],"collection":[{"href":"https:\/\/blogs.elcorreo.com\/oscarterol\/wp-json\/wp\/v2\/posts"}],"about":[{"href":"https:\/\/blogs.elcorreo.com\/oscarterol\/wp-json\/wp\/v2\/types\/post"}],"author":[{"embeddable":true,"href":"https:\/\/blogs.elcorreo.com\/oscarterol\/wp-json\/wp\/v2\/users\/42"}],"replies":[{"embeddable":true,"href":"https:\/\/blogs.elcorreo.com\/oscarterol\/wp-json\/wp\/v2\/comments?post=264"}],"version-history":[{"count":0,"href":"https:\/\/blogs.elcorreo.com\/oscarterol\/wp-json\/wp\/v2\/posts\/264\/revisions"}],"wp:attachment":[{"href":"https:\/\/blogs.elcorreo.com\/oscarterol\/wp-json\/wp\/v2\/media?parent=264"}],"wp:term":[{"taxonomy":"category","embeddable":true,"href":"https:\/\/blogs.elcorreo.com\/oscarterol\/wp-json\/wp\/v2\/categories?post=264"},{"taxonomy":"post_tag","embeddable":true,"href":"https:\/\/blogs.elcorreo.com\/oscarterol\/wp-json\/wp\/v2\/tags?post=264"}],"curies":[{"name":"wp","href":"https:\/\/api.w.org\/{rel}","templated":true}]}}