{"id":263,"date":"2009-06-25T12:12:00","date_gmt":"2009-06-25T12:12:00","guid":{"rendered":"http:\/\/blogs.elcorreo.com\/oscarterol\/?p=263"},"modified":"2009-06-25T12:12:00","modified_gmt":"2009-06-25T12:12:00","slug":"presiones","status":"publish","type":"post","link":"https:\/\/blogs.elcorreo.com\/oscarterol\/2009\/06\/25\/presiones\/","title":{"rendered":"PRESIONES"},"content":{"rendered":"<p>Buenos d\u00edas hermanos, aqu\u00ed estoy, presionado por mi gula de im\u00e1genes. Tengo 16 horas de grabacion que no s\u00e9 como sacar de la jodida SAMSUNG, la c\u00e1mara que me ha acompa\u00f1ado encima del manillar de la bici. Os pido un poco de paciencia, al final, lo lograr\u00e9. Hay im\u00e1genes muy curiosas, os las ir\u00e9 colgando. <\/p>\n<p>A ver si ma\u00f1ana sale el sol y descifro el lenguaje secreto de los formatos y de los archivos. <\/p>\n<p>Las fotos s\u00ed las tengo:<\/p>\n<p> EL SABADO POR LA TARDE, ANGEL OLARAN RIEGA LOS ARBOLES QUE PLANTA EN LAS LADERAS PR\u00d3XIMAS AL PUEBLO. ES UNA FIESTA EN LA QUE LOS PROTAGONISTAS SON LOS NI\u00d1OS, SON LOS ENCARGADOS DE &#8220;PINTAR DE VERDE&#8221; EL PAISAJE DES\u00c9RTICO. TUVIMOS LA SUERTE DE ACOMPA\u00d1ARLES Y VIVIR UNA BONITA EXPERIENCIA CON MUCHO CONTENIDO SIMB\u00d3LICO.<\/p>\n<p> <IMG class=imgcen id=img_0 src=\"\/oscarterol\/wp-content\/uploads\/sites\/30\/Fotosimportadas00140.JPG\"><\/p>\n<p> Pasar buen d\u00eda.<\/p>\n<!-- AddThis Advanced Settings generic via filter on the_content --><!-- AddThis Share Buttons generic via filter on the_content -->","protected":false},"excerpt":{"rendered":"<p>Buenos d\u00edas hermanos, aqu\u00ed estoy, presionado por mi gula de im\u00e1genes. Tengo 16 horas de grabacion que no s\u00e9 como sacar de la jodida SAMSUNG, la c\u00e1mara que me ha acompa\u00f1ado encima del manillar de la bici. Os pido un poco de paciencia, al final, lo lograr\u00e9. Hay im\u00e1genes muy curiosas, os las ir\u00e9 colgando. [&hellip;]<!-- AddThis Advanced Settings generic via filter on get_the_excerpt --><!-- AddThis Share Buttons generic via filter on get_the_excerpt --><\/p>\n","protected":false},"author":42,"featured_media":0,"comment_status":"open","ping_status":"closed","sticky":false,"template":"","format":"standard","meta":[],"categories":[9],"tags":[],"_links":{"self":[{"href":"https:\/\/blogs.elcorreo.com\/oscarterol\/wp-json\/wp\/v2\/posts\/263"}],"collection":[{"href":"https:\/\/blogs.elcorreo.com\/oscarterol\/wp-json\/wp\/v2\/posts"}],"about":[{"href":"https:\/\/blogs.elcorreo.com\/oscarterol\/wp-json\/wp\/v2\/types\/post"}],"author":[{"embeddable":true,"href":"https:\/\/blogs.elcorreo.com\/oscarterol\/wp-json\/wp\/v2\/users\/42"}],"replies":[{"embeddable":true,"href":"https:\/\/blogs.elcorreo.com\/oscarterol\/wp-json\/wp\/v2\/comments?post=263"}],"version-history":[{"count":0,"href":"https:\/\/blogs.elcorreo.com\/oscarterol\/wp-json\/wp\/v2\/posts\/263\/revisions"}],"wp:attachment":[{"href":"https:\/\/blogs.elcorreo.com\/oscarterol\/wp-json\/wp\/v2\/media?parent=263"}],"wp:term":[{"taxonomy":"category","embeddable":true,"href":"https:\/\/blogs.elcorreo.com\/oscarterol\/wp-json\/wp\/v2\/categories?post=263"},{"taxonomy":"post_tag","embeddable":true,"href":"https:\/\/blogs.elcorreo.com\/oscarterol\/wp-json\/wp\/v2\/tags?post=263"}],"curies":[{"name":"wp","href":"https:\/\/api.w.org\/{rel}","templated":true}]}}