{"id":260,"date":"2009-06-09T20:58:00","date_gmt":"2009-06-09T20:58:00","guid":{"rendered":"http:\/\/blogs.elcorreo.com\/oscarterol\/?p=260"},"modified":"2009-06-09T20:58:00","modified_gmt":"2009-06-09T20:58:00","slug":"hasta-pronto","status":"publish","type":"post","link":"https:\/\/blogs.elcorreo.com\/oscarterol\/2009\/06\/09\/hasta-pronto\/","title":{"rendered":"Hasta pronto"},"content":{"rendered":"<p>Estoy en pista de despegue. Os deseo lo mejor para estas dos semanas, intentar\u00e9 comunicarme, aunque sea por telepat\u00eda, estar atentos.<\/p>\n<p> <OBJECT id=reproductor  codeBase=http:\/\/fpdownload.macromedia.com\/pub\/shockwave\/cabs\/flash\/swflash.cab#version=9,0,0,0 height=338 width=450><PARAM NAME=\"movie\" VALUE=\"http:\/\/videos.elcorreodigital.com\/dalealplay.swf?file=1821\/despedida.flv&#038;tagclone=elcorreodigital\"><PARAM NAME=\"quality\" VALUE=\"high\"><PARAM NAME=\"wmode\" VALUE=\"transparent\">   <embed       src='\/\/videos.elcorreodigital.com\/dalealplay.swf?file=1821\/despedida.flv&#038;tagclone=elcorreodigital' quality='high' wmode='transparent' bgcolor='#ffffff' width='450' height='338' name='flvplayer' type='application\/x-shockwave-flash' pluginspage='http:\/\/www.macromedia.com\/go\/getflashplayer' \/><\/embed><\/OBJECT><\/p>\n<p>Abrazo de osoooooooooooooooooooooooooooooooooooooooooooooooooooooo<\/p>\n<p>Esta es parte de la expedici\u00f3n, faltan tres amigos. El arco iris no es un efecto, vino a despedirnos el s\u00e1bado por la tarde.<\/p>\n<p><IMG class=imgcen id=img_0 src=\"\/oscarterol\/wp-content\/uploads\/sites\/30\"><br \/>\nVoy a la cama<\/p>\n<!-- AddThis Advanced Settings generic via filter on the_content --><!-- AddThis Share Buttons generic via filter on the_content -->","protected":false},"excerpt":{"rendered":"<p>Estoy en pista de despegue. Os deseo lo mejor para estas dos semanas, intentar\u00e9 comunicarme, aunque sea por telepat\u00eda, estar atentos. Abrazo de osoooooooooooooooooooooooooooooooooooooooooooooooooooooo Esta es parte de la expedici\u00f3n, faltan tres amigos. El arco iris no es un efecto, vino a despedirnos el s\u00e1bado por la tarde. Voy a la cama<!-- AddThis Advanced Settings generic via filter on get_the_excerpt --><!-- AddThis Share Buttons generic via filter on get_the_excerpt --><\/p>\n","protected":false},"author":42,"featured_media":0,"comment_status":"open","ping_status":"closed","sticky":false,"template":"","format":"standard","meta":[],"categories":[9],"tags":[],"_links":{"self":[{"href":"https:\/\/blogs.elcorreo.com\/oscarterol\/wp-json\/wp\/v2\/posts\/260"}],"collection":[{"href":"https:\/\/blogs.elcorreo.com\/oscarterol\/wp-json\/wp\/v2\/posts"}],"about":[{"href":"https:\/\/blogs.elcorreo.com\/oscarterol\/wp-json\/wp\/v2\/types\/post"}],"author":[{"embeddable":true,"href":"https:\/\/blogs.elcorreo.com\/oscarterol\/wp-json\/wp\/v2\/users\/42"}],"replies":[{"embeddable":true,"href":"https:\/\/blogs.elcorreo.com\/oscarterol\/wp-json\/wp\/v2\/comments?post=260"}],"version-history":[{"count":0,"href":"https:\/\/blogs.elcorreo.com\/oscarterol\/wp-json\/wp\/v2\/posts\/260\/revisions"}],"wp:attachment":[{"href":"https:\/\/blogs.elcorreo.com\/oscarterol\/wp-json\/wp\/v2\/media?parent=260"}],"wp:term":[{"taxonomy":"category","embeddable":true,"href":"https:\/\/blogs.elcorreo.com\/oscarterol\/wp-json\/wp\/v2\/categories?post=260"},{"taxonomy":"post_tag","embeddable":true,"href":"https:\/\/blogs.elcorreo.com\/oscarterol\/wp-json\/wp\/v2\/tags?post=260"}],"curies":[{"name":"wp","href":"https:\/\/api.w.org\/{rel}","templated":true}]}}