{"id":259,"date":"2009-06-08T10:18:00","date_gmt":"2009-06-08T10:18:00","guid":{"rendered":"http:\/\/blogs.elcorreo.com\/oscarterol\/?p=259"},"modified":"2009-06-08T10:18:00","modified_gmt":"2009-06-08T10:18:00","slug":"con-ropa","status":"publish","type":"post","link":"https:\/\/blogs.elcorreo.com\/oscarterol\/2009\/06\/08\/con-ropa\/","title":{"rendered":"Con ropa"},"content":{"rendered":"<p>Hoy, y sin que sirva de precedente, aparezco vestido en las fotos. Pido perd\u00f3n por semejante atrevimiento.<\/p>\n<p>Esta es la cara que tengo en este preciso instante: 10:34 AM<\/p>\n<p><IMG class=imgcen id=img_1 src=\"\/oscarterol\/wp-content\/uploads\/sites\/30\/IMGA0127.JPG\">El motivo de mi alegr\u00eda es que tengo que salir zingando para Albacete, hoy actuamos all\u00ed. El viaje no estar\u00eda nada mal ubicado si no es porque ma\u00f1ana por la noche vuelo a Etiop\u00eda; es decir, que lo de Albacete me pilla m\u00e1s a desmano que tener el dentista en Oporto. Intentar\u00e9 sobreponerme a lo largo del d\u00eda, pero de momento es lo que hay.<\/p>\n<p><IMG class=imgcen id=img_0 src=\"\/oscarterol\/wp-content\/uploads\/sites\/30\/IMGA0126.JPG\"><\/p>\n<p> Me jodo, y punto.<\/p>\n<p> MA\u00d1ANA POR LA TARDE COLGARE EL POST DE DESPEDIDA DE EUROPA. NO PUEDO ASEGURAR LA CONEXION DESDE ALL\u00cd, LO INTENTARE. DE TODAS FORMAS, EN LA PAGINA DE LA FUNDACION CON LA QUE HAGO EL VIAJE, HABRA UN SEGUIMIENTO DEL PELOTON (LO DE PELOTON VA POR MI, CLARO). OS DOY LA DIRECCION POR SI TEN\u00c9IS CURIOSIDAD. <A href=\"http:\/\/www.etiopiautopia.org\">www.etiopiautopia.org<\/A> <\/p>\n<p> Os lleno la pantalla con el art\u00edculo de hoy, me hago la maleta albacete\u00f1a y salgo. Buen d\u00eda. HASTA MA\u00d1ANA HERMANOS <\/p>\n<p> <P class=MsoNormal style=\"MARGIN: 0cm 0cm 0pt\"><B style=\"mso-bidi-font-weight: normal\"><FONT size=3><FONT face=\"Times New Roman\">Nadal<?xml:namespace prefix = o ns = \"urn:schemas-microsoft-com:office:office\" \/><o:p><\/o:p><\/FONT><\/FONT><\/B><\/p>\n<p> <P class=MsoNormal style=\"MARGIN: 0cm 0cm 0pt\"><o:p><FONT face=\"Times New Roman\" size=3> <\/FONT><\/o:p><\/p>\n<p> <P class=MsoNormal style=\"MARGIN: 0cm 0cm 0pt; TEXT-ALIGN: justify\"><FONT face=\"Times New Roman\" size=3>De los dos h\u00e9roes dominicales que ten\u00edamos, ya saben a quienes me refiero, a Rafa Nadal y a Fernando Alonso, s\u00f3lo nos queda uno, el primero. Porque el asturiano est\u00e1 empezando a cotizar a la baja en el mercado de la ilusi\u00f3n festiva, ya nunca pasa de la d\u00e9cima posici\u00f3n, bien sea por el aler\u00f3n, por el difusor, por los neum\u00e1ticos de agua, por el Button de las narices, o por que la cantinera del Morfeo le impone sus normas: <<Fernan, no arriesgares tanto <SPAN style=\"mso-spacerun: yes\"> <\/SPAN>en las curvas, que tenemos que gastar todo lo que has ganado estos a\u00f1os, y si quieres peligro, ya te lo suministrar\u00e9 yo en peque\u00f1as dosis en nuestra casa junto al lago>>. Definitivamente, al com\u00fan de los mortales con pretensiones de fosilizarnos<SPAN style=\"mso-spacerun: yes\">  <\/SPAN>en el sof\u00e1, nos queda Nadal, San Rafael de las causas justas, o el manacor\u00ed espl\u00e9ndido, como ustedes prefieran. Nadie ha valorado el gesto de Rafa en su justa medida, un gesto que le da m\u00e1s prestigio que el que le dan todos los t\u00edtulos ganados hasta la fecha. El chaval, porque todav\u00eda es un cr\u00edo, se ha dejado ganar en Roland Garros, entre otras cosas, para que Federer pueda completar el Gran Slam, un arroz que empezaba a oler a quemado para el suizo. De Nadal se pueden hacer muchos comentarios; que compra los calzones demasiado justos; que tiene mejor cuerpo que voz, a tenor de lo que vemos y o\u00edmos en los anuncios, pero lo que no se le puede negar es una caballerosidad sin l\u00edmites. Y adem\u00e1s, hay que reconocerle un compromiso con su pa\u00eds y con su continente fuera de lo normal. Ayer se celebraban las elecciones al parlamento europeo, siento darle la noticia ahora, y no me cabe la menor duda de que el bueno de Rafa, eligi\u00f3 ir a votar en lugar de morder otro trofeo. La final de Par\u00eds coincid\u00eda este a\u00f1o con la jornada electoral, y un tenista que se precie no vota por correo. Ese es el ejemplo que necesitamos, ganar el partido de la abstenci\u00f3n es mucho m\u00e1s importante que ganar un simple campeonato de tenis. Pasen buen d\u00eda.<\/FONT><\/p>\n<p> <P class=MsoNormal style=\"MARGIN: 0cm 0cm 0pt; TEXT-ALIGN: justify\"><o:p><FONT face=\"Times New Roman\" size=3> <\/FONT><\/o:p><\/p>\n<p>Abrazo de osooooooooooooooooooooooo<\/p>\n<!-- AddThis Advanced Settings generic via filter on the_content --><!-- AddThis Share Buttons generic via filter on the_content -->","protected":false},"excerpt":{"rendered":"<p>Hoy, y sin que sirva de precedente, aparezco vestido en las fotos. Pido perd\u00f3n por semejante atrevimiento. Esta es la cara que tengo en este preciso instante: 10:34 AM El motivo de mi alegr\u00eda es que tengo que salir zingando para Albacete, hoy actuamos all\u00ed. El viaje no estar\u00eda nada mal ubicado si no es [&hellip;]<!-- AddThis Advanced Settings generic via filter on get_the_excerpt --><!-- AddThis Share Buttons generic via filter on get_the_excerpt --><\/p>\n","protected":false},"author":42,"featured_media":0,"comment_status":"open","ping_status":"closed","sticky":false,"template":"","format":"standard","meta":[],"categories":[9],"tags":[],"_links":{"self":[{"href":"https:\/\/blogs.elcorreo.com\/oscarterol\/wp-json\/wp\/v2\/posts\/259"}],"collection":[{"href":"https:\/\/blogs.elcorreo.com\/oscarterol\/wp-json\/wp\/v2\/posts"}],"about":[{"href":"https:\/\/blogs.elcorreo.com\/oscarterol\/wp-json\/wp\/v2\/types\/post"}],"author":[{"embeddable":true,"href":"https:\/\/blogs.elcorreo.com\/oscarterol\/wp-json\/wp\/v2\/users\/42"}],"replies":[{"embeddable":true,"href":"https:\/\/blogs.elcorreo.com\/oscarterol\/wp-json\/wp\/v2\/comments?post=259"}],"version-history":[{"count":0,"href":"https:\/\/blogs.elcorreo.com\/oscarterol\/wp-json\/wp\/v2\/posts\/259\/revisions"}],"wp:attachment":[{"href":"https:\/\/blogs.elcorreo.com\/oscarterol\/wp-json\/wp\/v2\/media?parent=259"}],"wp:term":[{"taxonomy":"category","embeddable":true,"href":"https:\/\/blogs.elcorreo.com\/oscarterol\/wp-json\/wp\/v2\/categories?post=259"},{"taxonomy":"post_tag","embeddable":true,"href":"https:\/\/blogs.elcorreo.com\/oscarterol\/wp-json\/wp\/v2\/tags?post=259"}],"curies":[{"name":"wp","href":"https:\/\/api.w.org\/{rel}","templated":true}]}}