{"id":258,"date":"2009-06-05T07:58:00","date_gmt":"2009-06-05T07:58:00","guid":{"rendered":"http:\/\/blogs.elcorreo.com\/oscarterol\/?p=258"},"modified":"2009-06-05T07:58:00","modified_gmt":"2009-06-05T07:58:00","slug":"las-siete-diferencias","status":"publish","type":"post","link":"https:\/\/blogs.elcorreo.com\/oscarterol\/2009\/06\/05\/las-siete-diferencias\/","title":{"rendered":"Las siete diferencias"},"content":{"rendered":"<p>Hoy pasatiempos.<\/p>\n<p><BIG><BIG>Encuentra las siete diferencias entre estas dos im\u00e1genes:<\/p>\n<p><IMG class=imgcen id=img_0 src=\"\/oscarterol\/wp-content\/uploads\/sites\/30\"><\/BIG><\/BIG><\/p>\n<p><IMG class=imgcen id=img_1 src=\"\/oscarterol\/wp-content\/uploads\/sites\/30\/IMGA0119.JPG\"><\/p>\n<p><BIG><BIG><BIG> <DIV style=\"TEXT-ALIGN: center\"><BIG><BIG><BIG>Soluciones al final del post<\/BIG><\/BIG><\/BIG><\/DIV> <DIV style=\"TEXT-ALIGN: center\"><\/DIV> <DIV style=\"TEXT-ALIGN: center\"><\/DIV><SMALL> <DIV style=\"TEXT-ALIGN: center\">Buenos d\u00edas hermanos, vuelven las nubes y las humedades, cada vez falta menos para que nuestra respiraci\u00f3n sea branquial, este a\u00f1o lo podemos conseguir. <\/DIV> <DIV style=\"TEXT-ALIGN: center\"><\/DIV> <DIV style=\"TEXT-ALIGN: center\">Quiero compartir con vosotros un regalo que me ha hecho el zurcidor de im\u00e1genes, el satre de las emociones, Mikelbranagh, que ha confeccionado un mosaico para celebrar el a\u00f1o del blog. Concretamente, fue ayer, 4 de junio cuando cumplimos un a\u00f1o. FELICIDADES A TODOS, amen de muchas gracias, claro.<\/DIV> <DIV style=\"TEXT-ALIGN: center\"><\/DIV> <DIV style=\"TEXT-ALIGN: center\"><IMG class=imgcen id=img_2 src=\"\/oscarterol\/wp-content\/uploads\/sites\/30\"><\/DIV><\/SMALL><SMALL> <DIV style=\"TEXT-ALIGN: center\"><\/DIV> <DIV style=\"TEXT-ALIGN: center\"><\/SMALL><SMALL>soluciones<\/SMALL><\/DIV> <DIV style=\"TEXT-ALIGN: center\"><SMALL><\/SMALL> <\/DIV> <DIV style=\"TEXT-ALIGN: center\"><SMALL>&#8212;&#8212;&#8212;&#8212;&#8212;&#8212;&#8212;&#8212;&#8212;&#8212;&#8212;&#8212;&#8212;&#8212;&#8212;&#8212;&#8212;&#8212;&#8212;&#8212;&#8212;&#8212;-<\/SMALL><\/DIV> <DIV style=\"TEXT-ALIGN: center\"><SMALL><\/SMALL> <\/DIV> <DIV style=\"TEXT-ALIGN: center\"><SMALL>1-Los brazos estan cruzados de manera diferente<\/SMALL><\/DIV> <DIV style=\"TEXT-ALIGN: center\"><SMALL><\/SMALL> <\/DIV> <DIV style=\"TEXT-ALIGN: center\"><SMALL>2-El modelo de abajo no cabe en una talla 38, es m\u00e1s, jurar\u00eda que es capaz de llenar con soltura una XL<\/SMALL><\/DIV> <DIV style=\"TEXT-ALIGN: center\"><SMALL><\/SMALL> <\/DIV> <DIV style=\"TEXT-ALIGN: center\"><SMALL>3-El modelo de abajo tiene m\u00e1s pecho que la se\u00f1orita de arriba<\/SMALL><\/DIV> <DIV style=\"TEXT-ALIGN: center\"><SMALL><\/SMALL> <\/DIV> <DIV style=\"TEXT-ALIGN: center\"><SMALL>4-En la foto de arriba, las almohadas est\u00e1n al fondo de la imagen.<\/SMALL><\/DIV> <DIV style=\"TEXT-ALIGN: center\"><SMALL><\/SMALL> <\/DIV> <DIV style=\"TEXT-ALIGN: center\"><SMALL>5-El color de las s\u00e1banas es diferente<\/SMALL><\/DIV> <DIV style=\"TEXT-ALIGN: center\"><SMALL><\/SMALL> <\/DIV> <DIV style=\"TEXT-ALIGN: center\"><SMALL><\/SMALL><SMALL>6-En la foto de abajo se adivina un interruptor en la pared<\/SMALL><\/DIV> <DIV style=\"TEXT-ALIGN: center\"><SMALL><\/SMALL> <\/DIV> <DIV style=\"TEXT-ALIGN: center\"><SMALL>7-Y, COJONES, que yo me meto a la cama con el SARKOZY ese, ni aunque me lo pida por favor. <\/SMALL><\/DIV> <DIV style=\"TEXT-ALIGN: center\"><SMALL><\/SMALL> <\/DIV> <DIV style=\"TEXT-ALIGN: center\"><SMALL>&#8212;&#8212;&#8212;&#8212;&#8212;&#8212;&#8212;&#8212;&#8212;&#8212;&#8212;&#8212;&#8212;&#8212;&#8212;&#8212;&#8212;&#8212;&#8212;&#8212;&#8212;&#8212;&#8212;<\/SMALL><\/DIV> <DIV style=\"TEXT-ALIGN: center\"><SMALL><\/SMALL> <\/DIV> <DIV style=\"TEXT-ALIGN: center\"><SMALL>Pasar buen d\u00eda<\/DIV><\/SMALL><\/BIG><\/BIG><\/BIG><\/p>\n<!-- AddThis Advanced Settings generic via filter on the_content --><!-- AddThis Share Buttons generic via filter on the_content -->","protected":false},"excerpt":{"rendered":"<p>Hoy pasatiempos. Encuentra las siete diferencias entre estas dos im\u00e1genes: Soluciones al final del post Buenos d\u00edas hermanos, vuelven las nubes y las humedades, cada vez falta menos para que nuestra respiraci\u00f3n sea branquial, este a\u00f1o lo podemos conseguir. Quiero compartir con vosotros un regalo que me ha hecho el zurcidor de im\u00e1genes, el satre [&hellip;]<!-- AddThis Advanced Settings generic via filter on get_the_excerpt --><!-- AddThis Share Buttons generic via filter on get_the_excerpt --><\/p>\n","protected":false},"author":42,"featured_media":0,"comment_status":"open","ping_status":"closed","sticky":false,"template":"","format":"standard","meta":[],"categories":[9],"tags":[],"_links":{"self":[{"href":"https:\/\/blogs.elcorreo.com\/oscarterol\/wp-json\/wp\/v2\/posts\/258"}],"collection":[{"href":"https:\/\/blogs.elcorreo.com\/oscarterol\/wp-json\/wp\/v2\/posts"}],"about":[{"href":"https:\/\/blogs.elcorreo.com\/oscarterol\/wp-json\/wp\/v2\/types\/post"}],"author":[{"embeddable":true,"href":"https:\/\/blogs.elcorreo.com\/oscarterol\/wp-json\/wp\/v2\/users\/42"}],"replies":[{"embeddable":true,"href":"https:\/\/blogs.elcorreo.com\/oscarterol\/wp-json\/wp\/v2\/comments?post=258"}],"version-history":[{"count":0,"href":"https:\/\/blogs.elcorreo.com\/oscarterol\/wp-json\/wp\/v2\/posts\/258\/revisions"}],"wp:attachment":[{"href":"https:\/\/blogs.elcorreo.com\/oscarterol\/wp-json\/wp\/v2\/media?parent=258"}],"wp:term":[{"taxonomy":"category","embeddable":true,"href":"https:\/\/blogs.elcorreo.com\/oscarterol\/wp-json\/wp\/v2\/categories?post=258"},{"taxonomy":"post_tag","embeddable":true,"href":"https:\/\/blogs.elcorreo.com\/oscarterol\/wp-json\/wp\/v2\/tags?post=258"}],"curies":[{"name":"wp","href":"https:\/\/api.w.org\/{rel}","templated":true}]}}