{"id":256,"date":"2009-06-03T10:39:00","date_gmt":"2009-06-03T10:39:00","guid":{"rendered":"http:\/\/blogs.elcorreo.com\/oscarterol\/?p=256"},"modified":"2009-06-03T10:39:00","modified_gmt":"2009-06-03T10:39:00","slug":"circunstancias","status":"publish","type":"post","link":"https:\/\/blogs.elcorreo.com\/oscarterol\/2009\/06\/03\/circunstancias\/","title":{"rendered":"Circunstancias"},"content":{"rendered":"<p>de la vida me han tra\u00eddo, una vez m\u00e1s, a Madrid. <\/p>\n<p> <IMG class=imgcen id=img_0 src=\"\/oscarterol\/wp-content\/uploads\/sites\/30\/IMGA0112.JPG\">Esto veo desde la cama. Esta es la cama&#8230;<\/p>\n<p><IMG class=imgcen id=img_1 src=\"\/oscarterol\/wp-content\/uploads\/sites\/30\/IMGA0116.JPG\"><br \/>\nSe puede observar que he dormido solo, uno es un se\u00f1or. Tambi\u00e9n he respetado al minibar&#8230;<\/p>\n<p><IMG class=imgcen id=img_2 src=\"\/oscarterol\/wp-content\/uploads\/sites\/30\/153315_IMGA0115.JPG\"><br \/>\nAhora, es ver un espejo con la c\u00e1mara en a mano, y me vuelvo berraco. Lo siento si est\u00e1is pasando un momento sensible con la carne, pero no lo puedo evitar, es superor a mi voluntad&#8230;<\/p>\n<p><IMG class=imgcen id=img_3 src=\"\/oscarterol\/wp-content\/uploads\/sites\/30\/IMGA0117.JPG\"><\/p>\n<p> Soy todo fibra de tocino.<\/p>\n<p> Os cuelgo el art\u00edculo de hoy:<\/p>\n<p> <P class=MsoNormal style=\"MARGIN: 0cm 0cm 0pt\"><B style=\"mso-bidi-font-weight: normal\"><FONT size=3><FONT face=\"Times New Roman\">A\u00f1o 2050<?xml:namespace prefix = o ns = \"urn:schemas-microsoft-com:office:office\" \/><o:p><\/o:p><\/FONT><\/FONT><\/B><\/p>\n<p> <P class=MsoNormal style=\"MARGIN: 0cm 0cm 0pt; TEXT-ALIGN: justify\"><o:p><FONT face=\"Times New Roman\" size=3> <\/FONT><\/o:p><\/p>\n<p> <P class=MsoNormal style=\"MARGIN: 0cm 0cm 0pt; TEXT-ALIGN: justify\"><FONT face=\"Times New Roman\" size=3>Por la presente, comunico a mi socio de afiliaci\u00f3n mi decisi\u00f3n de emprender una aventura pol\u00edtica en solitario. Como sabr\u00e1s, Peio, tengo una visi\u00f3n particular de lo que es ser abertzale<SPAN style=\"mso-spacerun: yes\">  <\/SPAN>en esta Euro-Asia unida. Las diferencias entre t\u00fa y yo son insalvables, qued\u00f3 de manifiesto en el congreso que hicimos el otro d\u00eda en tu casa. Tu intenci\u00f3n manifiesta de asociarte a <?xml:namespace prefix = st1 ns = \"urn:schemas-microsoft-com:office:smarttags\" \/><st1:PersonName w:st=\"on\" ProductID=\"la Confederaci?n\">la Confederaci\u00f3n<\/st1:PersonName> de Partidos Nacionalistas de Izquierdas moderadas \u201ctoros s\u00ed\u201d, ha sido determinante a la hora de tomar mi decisi\u00f3n. No podemos enga\u00f1ar a la ciudadan\u00eda, y lo que es m\u00e1s importante, no puedo dejarle sin opci\u00f3n pol\u00edtica a tu mujer, Leire, que como sabes, y mal que te pese, es mi voto fiel. Los tiempos cambian, ya no estamos en el a\u00f1o 2030, cuando tu padre, Kerman, un gudari, fund\u00f3 el Partido de los Regeneradores del Antiguo Esp\u00edritu Fundacional del Sector Cr\u00edtico de <st1:PersonName w:st=\"on\" ProductID=\"la Gipuzkoa Oriental\"><st1:PersonName w:st=\"on\" ProductID=\"la Gipuzkoa\">la Gipuzkoa<\/st1:PersonName> Oriental<\/st1:PersonName>, ha llovido desde entonces; poco y \u00e1cido, pero ha llovido. Ahora, querido ex compa\u00f1ero, y despu\u00e9s de nuestra escisi\u00f3n, tenemos tantas opciones pol\u00edticas como nacionalistas. No s\u00e9 si es bueno o malo, pero hemos llegado a los diez mil partidos, tantos como pol\u00edticos abertzales. Ya s\u00e9 que t\u00fa y yo represent\u00e1bamos la esperanza, el \u00fanico partido formado por m\u00e1s de uno, pero no hemos sabido gestionar nuestras diferencias internas. Ya a toro pasado, te quiero decir que no es que no est\u00e9 de acuerdo con el tren supers\u00f3nico impulsado por hidr\u00f3geno, lo que no me parece bien es que pare en Gernika, por mucho museo Picasso que tengan, y no lo haga en Azpeitia. Bueno, como me dec\u00eda un amigo regionalista estatutario republicano moderado adscrito a la coordinadora pro transferencias pendientes, cuando le coment\u00e9 lo de nuestra escisi\u00f3n, <<El proceso que empezaron Arzalluz y Garaikoetxea el siglo pasado, se termina ahora>>. Espero que queden siglas en el registro, porque creo que est\u00e1n cogidas todas. Suerte en las elecciones a <st1:PersonName w:st=\"on\" ProductID=\"la Junta\">la Junta<\/st1:PersonName> de Propietarios de Parcelas Vascas en la luna. Agur. <\/FONT><\/p>\n<p>  A pasar buen d\u00eda<\/p>\n<!-- AddThis Advanced Settings generic via filter on the_content --><!-- AddThis Share Buttons generic via filter on the_content -->","protected":false},"excerpt":{"rendered":"<p>de la vida me han tra\u00eddo, una vez m\u00e1s, a Madrid. Esto veo desde la cama. Esta es la cama&#8230; Se puede observar que he dormido solo, uno es un se\u00f1or. Tambi\u00e9n he respetado al minibar&#8230; Ahora, es ver un espejo con la c\u00e1mara en a mano, y me vuelvo berraco. Lo siento si est\u00e1is [&hellip;]<!-- AddThis Advanced Settings generic via filter on get_the_excerpt --><!-- AddThis Share Buttons generic via filter on get_the_excerpt --><\/p>\n","protected":false},"author":42,"featured_media":0,"comment_status":"open","ping_status":"closed","sticky":false,"template":"","format":"standard","meta":[],"categories":[9],"tags":[],"_links":{"self":[{"href":"https:\/\/blogs.elcorreo.com\/oscarterol\/wp-json\/wp\/v2\/posts\/256"}],"collection":[{"href":"https:\/\/blogs.elcorreo.com\/oscarterol\/wp-json\/wp\/v2\/posts"}],"about":[{"href":"https:\/\/blogs.elcorreo.com\/oscarterol\/wp-json\/wp\/v2\/types\/post"}],"author":[{"embeddable":true,"href":"https:\/\/blogs.elcorreo.com\/oscarterol\/wp-json\/wp\/v2\/users\/42"}],"replies":[{"embeddable":true,"href":"https:\/\/blogs.elcorreo.com\/oscarterol\/wp-json\/wp\/v2\/comments?post=256"}],"version-history":[{"count":0,"href":"https:\/\/blogs.elcorreo.com\/oscarterol\/wp-json\/wp\/v2\/posts\/256\/revisions"}],"wp:attachment":[{"href":"https:\/\/blogs.elcorreo.com\/oscarterol\/wp-json\/wp\/v2\/media?parent=256"}],"wp:term":[{"taxonomy":"category","embeddable":true,"href":"https:\/\/blogs.elcorreo.com\/oscarterol\/wp-json\/wp\/v2\/categories?post=256"},{"taxonomy":"post_tag","embeddable":true,"href":"https:\/\/blogs.elcorreo.com\/oscarterol\/wp-json\/wp\/v2\/tags?post=256"}],"curies":[{"name":"wp","href":"https:\/\/api.w.org\/{rel}","templated":true}]}}