{"id":254,"date":"2009-06-01T08:44:00","date_gmt":"2009-06-01T08:44:00","guid":{"rendered":"http:\/\/blogs.elcorreo.com\/oscarterol\/?p=254"},"modified":"2009-06-01T08:44:00","modified_gmt":"2009-06-01T08:44:00","slug":"unodejunio","status":"publish","type":"post","link":"https:\/\/blogs.elcorreo.com\/oscarterol\/2009\/06\/01\/unodejunio\/","title":{"rendered":"Unodejunio"},"content":{"rendered":"<p>Buenos d\u00edas hermanos. Os cuelgo el art\u00edculo de hoy y luego paso otra vez.<\/p>\n<p> <P class=MsoNormal style=\"MARGIN: 0cm 0cm 0pt; TEXT-ALIGN: justify\"><B style=\"mso-bidi-font-weight: normal\"><FONT size=3><FONT face=\"Times New Roman\"><\/FONT><\/FONT><\/B><\/p>\n<p><B style=\"mso-bidi-font-weight: normal\"><FONT size=3><FONT face=\"Times New Roman\"> <DIV style=\"TEXT-ALIGN: center\"><B style=\"mso-bidi-font-weight: normal\"><FONT size=3><FONT face=\"Times New Roman\">\u201cEuroacciones\u201d<\/FONT><\/FONT><\/B><\/DIV> <P class=MsoNormal style=\"MARGIN: 0cm 0cm 0pt; TEXT-ALIGN: justify\"><\/FONT><\/FONT><\/B><\/p>\n<p>  <P class=MsoNormal style=\"MARGIN: 0cm 0cm 0pt; TEXT-ALIGN: justify\"><?xml:namespace prefix = o ns = \"urn:schemas-microsoft-com:office:office\" \/><o:p><FONT face=\"Times New Roman\" size=3><\/FONT><\/o:p><\/p>\n<p> <P class=MsoNormal style=\"MARGIN: 0cm 0cm 0pt; TEXT-ALIGN: justify\"><FONT face=\"Times New Roman\" size=3>Hemos entrado en la \u00faltima semana de la campa\u00f1a de las elecciones al Parlamento europeo y sigo teniendo la misma sensaci\u00f3n de que la cosa no va conmigo. No se a ustedes, pero lo que es a mi no me excitan lo m\u00e1s m\u00ednimo, tienen incluso menos inter\u00e9s que un partido de tenis sin Nadal. Reconozco el empe\u00f1o de los candidatos de los diferentes partidos y coaliciones \u2013como el c\u00f3ctel ese de sabores independentistas de izquierdas, por ejemplo- por atraer nuestra atenci\u00f3n, pero es insuficiente. Los cimientos de este montaje son de barro blando; los primeros espadas de los partidos, en las elecciones generales y auton\u00f3micas, -las que nos ponen cachondos de verdad- no pasan de banderilleros, con todos los respetos para ellos, por supuesto. Siempre he tenido la sensaci\u00f3n de que el Parlamento Europeo es una reserva de prejubilados pol\u00edticos, una especie de Inserso donde los pol\u00edticos pueden seguir jugando a legislar hasta que les llega la hora de la pensi\u00f3n, del Benidorm y de la sopas en el caf\u00e9. Otro inconveniente que le veo a este invento es la contradicci\u00f3n a la que se nos<IMG class=imgizqda id=img_0 src=\"\/oscarterol\/wp-content\/uploads\/sites\/30\"> obliga. Una de las estrategias que mejores resultados da a la clase pol\u00edtica es la constante invitaci\u00f3n a mirarnos el ombligo, as\u00ed somos m\u00e1s f\u00e1cilmente manejables; una persona con la cabeza agachada no ve la l\u00ednea del horizonte. Pero claro, ahora se nos exige una visi\u00f3n amplia, abierta, se nos recuerda que pertenecemos a una realidad superior, yo no se si tengo las cervicales para tanto baile. Y por \u00faltimo, aun a sabiendas que estoy ridiculizando en exceso, la mayor\u00eda de las noticias que nos llegan desde Bruselas son referidas a normativas de alimentaci\u00f3n, agricultura, pesca y ganader\u00eda. O sea, que a nivel pr\u00e1ctico, lo que vamos a elegir el domingo es el consejo de direcci\u00f3n de un hipermercado. Yo, si tengo que elegir, me quedo con <SPAN style=\"mso-spacerun: yes\"><\/SPAN>la tienda de barrio de toda la vida, con gato gordo y yogures caducados. Pasen buen d\u00eda.<\/FONT><\/p>\n<!-- AddThis Advanced Settings generic via filter on the_content --><!-- AddThis Share Buttons generic via filter on the_content -->","protected":false},"excerpt":{"rendered":"<p>Buenos d\u00edas hermanos. Os cuelgo el art\u00edculo de hoy y luego paso otra vez. \u201cEuroacciones\u201d Hemos entrado en la \u00faltima semana de la campa\u00f1a de las elecciones al Parlamento europeo y sigo teniendo la misma sensaci\u00f3n de que la cosa no va conmigo. No se a ustedes, pero lo que es a mi no me [&hellip;]<!-- AddThis Advanced Settings generic via filter on get_the_excerpt --><!-- AddThis Share Buttons generic via filter on get_the_excerpt --><\/p>\n","protected":false},"author":42,"featured_media":0,"comment_status":"open","ping_status":"closed","sticky":false,"template":"","format":"standard","meta":[],"categories":[9],"tags":[],"_links":{"self":[{"href":"https:\/\/blogs.elcorreo.com\/oscarterol\/wp-json\/wp\/v2\/posts\/254"}],"collection":[{"href":"https:\/\/blogs.elcorreo.com\/oscarterol\/wp-json\/wp\/v2\/posts"}],"about":[{"href":"https:\/\/blogs.elcorreo.com\/oscarterol\/wp-json\/wp\/v2\/types\/post"}],"author":[{"embeddable":true,"href":"https:\/\/blogs.elcorreo.com\/oscarterol\/wp-json\/wp\/v2\/users\/42"}],"replies":[{"embeddable":true,"href":"https:\/\/blogs.elcorreo.com\/oscarterol\/wp-json\/wp\/v2\/comments?post=254"}],"version-history":[{"count":0,"href":"https:\/\/blogs.elcorreo.com\/oscarterol\/wp-json\/wp\/v2\/posts\/254\/revisions"}],"wp:attachment":[{"href":"https:\/\/blogs.elcorreo.com\/oscarterol\/wp-json\/wp\/v2\/media?parent=254"}],"wp:term":[{"taxonomy":"category","embeddable":true,"href":"https:\/\/blogs.elcorreo.com\/oscarterol\/wp-json\/wp\/v2\/categories?post=254"},{"taxonomy":"post_tag","embeddable":true,"href":"https:\/\/blogs.elcorreo.com\/oscarterol\/wp-json\/wp\/v2\/tags?post=254"}],"curies":[{"name":"wp","href":"https:\/\/api.w.org\/{rel}","templated":true}]}}