{"id":244,"date":"2009-05-18T12:59:00","date_gmt":"2009-05-18T12:59:00","guid":{"rendered":"http:\/\/blogs.elcorreo.com\/oscarterol\/?p=244"},"modified":"2009-05-18T12:59:00","modified_gmt":"2009-05-18T12:59:00","slug":"en-breves-momentos","status":"publish","type":"post","link":"https:\/\/blogs.elcorreo.com\/oscarterol\/2009\/05\/18\/en-breves-momentos\/","title":{"rendered":"Cedi\u00f3 el servidor"},"content":{"rendered":"<p> <P class=MsoNormal style=\"MARGIN: 0cm 0cm 0pt\"><\/p>\n<p> <OBJECT id=reproductor  codeBase=http:\/\/fpdownload.macromedia.com\/pub\/shockwave\/cabs\/flash\/swflash.cab#version=9,0,0,0 height=338 width=450><PARAM NAME=\"movie\" VALUE=\"http:\/\/videos.elcorreodigital.com\/dalealplay.swf?file=1780\/Lamente.flv&#038;tagclone=elcorreodigital\"><PARAM NAME=\"quality\" VALUE=\"high\"><PARAM NAME=\"wmode\" VALUE=\"transparent\"> <embed   src='\/\/videos.elcorreodigital.com\/dalealplay.swf?file=1780\/Lamente.flv&#038;tagclone=elcorreodigital' quality='high' wmode='transparent' bgcolor='#ffffff' width='450' height='338' name='flvplayer' type='application\/x-shockwave-flash' pluginspage='http:\/\/www.macromedia.com\/go\/getflashplayer' \/><\/embed><\/OBJECT><br \/>\n <P class=MsoNormal style=\"MARGIN: 0cm 0cm 0pt\"><B style=\"mso-bidi-font-weight: normal\"><FONT size=3><FONT face=\"Times New Roman\">Eurovisi\u00f3n<?xml:namespace prefix = o ns = \"urn:schemas-microsoft-com:office:office\" \/><o:p><\/o:p><\/FONT><\/FONT><\/B><\/p>\n<p> <P class=MsoNormal style=\"MARGIN: 0cm 0cm 0pt\"><o:p><FONT face=\"Times New Roman\" size=3> <\/FONT><\/o:p><\/p>\n<p> <P class=MsoNormal style=\"MARGIN: 0cm 0cm 0pt\"><FONT face=\"Times New Roman\" size=3>Solicito la intervenci\u00f3n de las fuerzas de seguridad de los Estados Unidos de Am\u00e9rica, o de las de China, o de un comando de marcianos legionarios mismamente, para que entren en plena gala, el pr\u00f3ximo a\u00f1o, y lo precinten. Es hora de que alguien tome cartas en el asunto, que aunque aqu\u00ed nadie dice nada pero todos estamos de acuerdo en que Eurovisi\u00f3n es una pamema totalmente prescindible. Si es usted un aficionado al festival, lo siento, hoy no vamos a ser c\u00f3mplices, no siga leyendo que voy a saco, con ira incluso. Esas canciones gritadas con \u00e9nfasis e interpretadas con una falsa emoci\u00f3n, como subrayando el sentimiento, me ponen de los nervios. Adem\u00e1s, \u00bfa qu\u00e9 hora del d\u00eda uno se pondr\u00eda escuchar un disco con los temas de Eurovisi\u00f3n? Ni son para bailar, ni para tararear, ni para una cena rom\u00e1ntica, y mucho menos para relajarse, se te tensa hasta el pijama. La puesta en escena tampoco ayuda mucho, todo hay que decirlo; por lo general es estridente y sin personalidad definida, como un coktail de licores dulzones con doble de az\u00facar y mucha palmerita decorativa. La imagen que le queda a uno de Europa, despu\u00e9s de lo visto, es de tienda de souvenirs, de postales de aeropuerto sin alma y sin remedio. La misma Soraya, maja chica y todo lo que quieran, guapa como ella sola, de acuerdo, ahora, te dicen que es sueca o rusa y cuela, lo mismo gana. Si es que parecen todos de la misma familia, los sobrinos de los de ABBA. Normal que a los candidatos de las pr\u00f3ximas elecciones al parlamento europeo se les quede la cara tan triste, no me extra\u00f1a, saben que van al meollo del bazar. Lo \u00fanico que me gusta del karaoke continental es la votaci\u00f3n. Es una pena que no podamos elegir as\u00ed a los representantes pol\u00edticos. \u00bfSe imaginan a Mayor Oreja, o a ram\u00f3n J\u00e1uregui, en el back stage, agitando la banderita espa\u00f1ola despu\u00e9s de recibir los doce puntos de Grecia? Porque esas es otra, \u00bfles apetece votar en las elecciones europeas? En fin. Pasen buen d\u00eda.<\/FONT><\/p>\n<p> <P class=MsoNormal style=\"MARGIN: 0cm 0cm 0pt\"> <\/p>\n<!-- AddThis Advanced Settings generic via filter on the_content --><!-- AddThis Share Buttons generic via filter on the_content -->","protected":false},"excerpt":{"rendered":"<p>Eurovisi\u00f3n Solicito la intervenci\u00f3n de las fuerzas de seguridad de los Estados Unidos de Am\u00e9rica, o de las de China, o de un comando de marcianos legionarios mismamente, para que entren en plena gala, el pr\u00f3ximo a\u00f1o, y lo precinten. Es hora de que alguien tome cartas en el asunto, que aunque aqu\u00ed nadie dice [&hellip;]<!-- AddThis Advanced Settings generic via filter on get_the_excerpt --><!-- AddThis Share Buttons generic via filter on get_the_excerpt --><\/p>\n","protected":false},"author":42,"featured_media":0,"comment_status":"open","ping_status":"closed","sticky":false,"template":"","format":"standard","meta":[],"categories":[9],"tags":[],"_links":{"self":[{"href":"https:\/\/blogs.elcorreo.com\/oscarterol\/wp-json\/wp\/v2\/posts\/244"}],"collection":[{"href":"https:\/\/blogs.elcorreo.com\/oscarterol\/wp-json\/wp\/v2\/posts"}],"about":[{"href":"https:\/\/blogs.elcorreo.com\/oscarterol\/wp-json\/wp\/v2\/types\/post"}],"author":[{"embeddable":true,"href":"https:\/\/blogs.elcorreo.com\/oscarterol\/wp-json\/wp\/v2\/users\/42"}],"replies":[{"embeddable":true,"href":"https:\/\/blogs.elcorreo.com\/oscarterol\/wp-json\/wp\/v2\/comments?post=244"}],"version-history":[{"count":0,"href":"https:\/\/blogs.elcorreo.com\/oscarterol\/wp-json\/wp\/v2\/posts\/244\/revisions"}],"wp:attachment":[{"href":"https:\/\/blogs.elcorreo.com\/oscarterol\/wp-json\/wp\/v2\/media?parent=244"}],"wp:term":[{"taxonomy":"category","embeddable":true,"href":"https:\/\/blogs.elcorreo.com\/oscarterol\/wp-json\/wp\/v2\/categories?post=244"},{"taxonomy":"post_tag","embeddable":true,"href":"https:\/\/blogs.elcorreo.com\/oscarterol\/wp-json\/wp\/v2\/tags?post=244"}],"curies":[{"name":"wp","href":"https:\/\/api.w.org\/{rel}","templated":true}]}}