{"id":243,"date":"2009-05-15T11:11:00","date_gmt":"2009-05-15T11:11:00","guid":{"rendered":"http:\/\/blogs.elcorreo.com\/oscarterol\/?p=243"},"modified":"2009-05-15T11:11:00","modified_gmt":"2009-05-15T11:11:00","slug":"hoy-solamente","status":"publish","type":"post","link":"https:\/\/blogs.elcorreo.com\/oscarterol\/2009\/05\/15\/hoy-solamente\/","title":{"rendered":"Hoy, solamente."},"content":{"rendered":"<p>Buenos d\u00edas hermanos. Como no pod\u00eda ser de otra manera, os reservo a vosotros el privilegio de la foto sin complejos. Es la que no me atrev\u00ed a mandar al blog de David de Jorge (<A href=\"http:\/\/www.daviddejorge.com\/\">www.daviddejorge.com<\/A>). La borrar\u00e9 al final del d\u00eda, as\u00ed que s\u00f3lo se podr\u00e1 contemplar hoy.<\/p>\n<p>    <FONT color=#cc0000>     \u00a1ESTA IMAGEN SE AUTODESTRUIR\u00c1 ANTES DE ACABAR EL D\u00cdA DE HOY!<br \/>\n<\/FONT><\/p>\n<p> <IMG class=imgcen id=img_0 src=\"\/oscarterol\/wp-content\/uploads\/sites\/30\/desnudo.JPG\"><br \/>\nAs\u00ed soy yo sin camiseta Y SIN VERG\u00dcENZA<\/p>\n<p> Pasar buen d\u00eda.<\/p>\n<!-- AddThis Advanced Settings generic via filter on the_content --><!-- AddThis Share Buttons generic via filter on the_content -->","protected":false},"excerpt":{"rendered":"<p>Buenos d\u00edas hermanos. Como no pod\u00eda ser de otra manera, os reservo a vosotros el privilegio de la foto sin complejos. Es la que no me atrev\u00ed a mandar al blog de David de Jorge (www.daviddejorge.com). La borrar\u00e9 al final del d\u00eda, as\u00ed que s\u00f3lo se podr\u00e1 contemplar hoy. \u00a1ESTA IMAGEN SE AUTODESTRUIR\u00c1 ANTES DE [&hellip;]<!-- AddThis Advanced Settings generic via filter on get_the_excerpt --><!-- AddThis Share Buttons generic via filter on get_the_excerpt --><\/p>\n","protected":false},"author":42,"featured_media":0,"comment_status":"open","ping_status":"closed","sticky":false,"template":"","format":"standard","meta":[],"categories":[9],"tags":[],"_links":{"self":[{"href":"https:\/\/blogs.elcorreo.com\/oscarterol\/wp-json\/wp\/v2\/posts\/243"}],"collection":[{"href":"https:\/\/blogs.elcorreo.com\/oscarterol\/wp-json\/wp\/v2\/posts"}],"about":[{"href":"https:\/\/blogs.elcorreo.com\/oscarterol\/wp-json\/wp\/v2\/types\/post"}],"author":[{"embeddable":true,"href":"https:\/\/blogs.elcorreo.com\/oscarterol\/wp-json\/wp\/v2\/users\/42"}],"replies":[{"embeddable":true,"href":"https:\/\/blogs.elcorreo.com\/oscarterol\/wp-json\/wp\/v2\/comments?post=243"}],"version-history":[{"count":0,"href":"https:\/\/blogs.elcorreo.com\/oscarterol\/wp-json\/wp\/v2\/posts\/243\/revisions"}],"wp:attachment":[{"href":"https:\/\/blogs.elcorreo.com\/oscarterol\/wp-json\/wp\/v2\/media?parent=243"}],"wp:term":[{"taxonomy":"category","embeddable":true,"href":"https:\/\/blogs.elcorreo.com\/oscarterol\/wp-json\/wp\/v2\/categories?post=243"},{"taxonomy":"post_tag","embeddable":true,"href":"https:\/\/blogs.elcorreo.com\/oscarterol\/wp-json\/wp\/v2\/tags?post=243"}],"curies":[{"name":"wp","href":"https:\/\/api.w.org\/{rel}","templated":true}]}}