{"id":241,"date":"2009-05-13T09:13:00","date_gmt":"2009-05-13T09:13:00","guid":{"rendered":"http:\/\/blogs.elcorreo.com\/oscarterol\/?p=241"},"modified":"2009-05-13T09:13:00","modified_gmt":"2009-05-13T09:13:00","slug":"la-fe","status":"publish","type":"post","link":"https:\/\/blogs.elcorreo.com\/oscarterol\/2009\/05\/13\/la-fe\/","title":{"rendered":"la fe"},"content":{"rendered":"<p>Buenos d\u00edas hermanos, hoy es el d\u00eda de la fe (concretamente, hoy es el d\u00eda de Nuestra Se\u00f1ora de F\u00e1tima) ah\u00ed es nada. He encontrado un documento sonoro que explica lo que es la fe:<\/p>\n<p> <OBJECT id=reproductor  codeBase=http:\/\/fpdownload.macromedia.com\/pub\/shockwave\/cabs\/flash\/swflash.cab#version=9,0,0,0 height=338 width=450><PARAM NAME=\"movie\" VALUE=\"http:\/\/videos.elcorreodigital.com\/dalealplay.swf?file=1747\/Fe.flv&#038;tagclone=elcorreodigital\"><PARAM NAME=\"quality\" VALUE=\"high\"><PARAM NAME=\"wmode\" VALUE=\"transparent\"> <embed   src='\/\/videos.elcorreodigital.com\/dalealplay.swf?file=1747\/Fe.flv&#038;tagclone=elcorreodigital' quality='high' wmode='transparent' bgcolor='#ffffff' width='450' height='338' name='flvplayer' type='application\/x-shockwave-flash' pluginspage='http:\/\/www.macromedia.com\/go\/getflashplayer' \/><\/embed><\/OBJECT><br \/>\n<STRONG>Esclavo,<\/STRONG> tranquilo, atrinch\u00e9rate en tu casa, ya pasar\u00e1 el temporal.<\/p>\n<p> Os cuelgo tambi\u00e9n el art\u00edculo:<\/p>\n<p> <P class=MsoNormal style=\"MARGIN: 0cm 0cm 0pt\"><B style=\"mso-bidi-font-weight: normal\"><FONT size=3><FONT face=\"Times New Roman\">El le\u00f3n y la horchata<?xml:namespace prefix = o ns = \"urn:schemas-microsoft-com:office:office\" \/><o:p><\/o:p><\/FONT><\/FONT><\/B><\/p>\n<p> <P class=MsoNormal style=\"MARGIN: 0cm 0cm 0pt\"><o:p><FONT face=\"Times New Roman\" size=3> <\/FONT><\/o:p><o:p><FONT face=\"Times New Roman\" size=3> <\/FONT><\/o:p><\/p>\n<p> <P class=MsoNormal style=\"MARGIN: 0cm 0cm 0pt\"><FONT face=\"Times New Roman\" size=3>Hoy, circunstancias mandan, media Espa\u00f1a ser\u00e1 del Athletic, si me apuran, cuarto y mitad, que suena m\u00e1s castizo. La \u201ccruzada rojiblanca\u201d contra el Goliat de Lionel se va a encontrar con una de las hinchadas m\u00e1s numerosas que ha tenido nunca. Millones de aficionados, detr\u00e1s de sus teles de plasma, repartidos por todo el territorio \u2013hoy, algo m\u00e1s comanche que de costumbre- que dir\u00e1n <d\u00e1le, d\u00e1le> cuando Messi caracolee en el borde del \u00e1rea con el bal\u00f3n cual hongo adherido a su empeine. Unos por ley o por gen\u00e9tica, otros por <anti catalanismo>, muchos por empat\u00eda con David, y m\u00e1s de uno contagiado por la pasi\u00f3n desbordante y la exhibici\u00f3n folcl\u00f3rica de su afici\u00f3n. Siempre ha habido dos Espa\u00f1as, no una grande y libre, como en el sue\u00f1o del derech\u00f3n riguroso; de la misma manera que siempre habr\u00e1 dos Euskadis, hoy muchos vascos \u2013 y no mire para otro lado- ser\u00e1n blaugranas convencidos. Estamos abocados a la l\u00ednea divisoria, y qu\u00e9 mejor representaci\u00f3n del sino que nos toca que un partido de f\u00fatbol. Maravillosa religi\u00f3n, \u00e9sta del f\u00fatbol, que no promete ninguna vida eterna, y que solo da la bendici\u00f3n a la mitad de los que asisten a la ceremonia; la otra mitad, al infierno directamente, sin limbos ni purgatorios. Hay que reconocer que el f\u00fatbol, como creencia, tiene sus limitaciones en cuestiones trascendentales, de acuerdo, pero reconocer\u00e1n que es capaz de provocar momentos tan m\u00e1gicos como caprichosos. Esto mismo pensar\u00e1 el rey cuando vea desde el palco a los dos pueblos m\u00e1s d\u00edscolos de su corona <SPAN style=\"mso-spacerun: yes\"> <\/SPAN>pegarse patadas y dejarse la piel en el intento de conseguir el trofeo que \u00e9l entrega. Si no se r\u00ede ser\u00e1 por miedo a ser enfocado y que le saquen cantares como le ocurriera con Ch\u00e1vez. Qu\u00e9 mejor broche para conocer cual es el estado de la naci\u00f3n, &#8211; ayer lo buscaban en el congreso- , que lo que vamos a vivir hoy; el estado es de surrealismo con tendencia a la hilaridad. Pasen buen d\u00eda y que ganen los de Caparr\u00f3s.<\/FONT><\/p>\n<p> A disfrutar de vuestra org\u00eda particular. Un abrazo de osoooooooooooooooooooo<\/p>\n<!-- AddThis Advanced Settings generic via filter on the_content --><!-- AddThis Share Buttons generic via filter on the_content -->","protected":false},"excerpt":{"rendered":"<p>Buenos d\u00edas hermanos, hoy es el d\u00eda de la fe (concretamente, hoy es el d\u00eda de Nuestra Se\u00f1ora de F\u00e1tima) ah\u00ed es nada. He encontrado un documento sonoro que explica lo que es la fe: Esclavo, tranquilo, atrinch\u00e9rate en tu casa, ya pasar\u00e1 el temporal. Os cuelgo tambi\u00e9n el art\u00edculo: El le\u00f3n y la horchata [&hellip;]<!-- AddThis Advanced Settings generic via filter on get_the_excerpt --><!-- AddThis Share Buttons generic via filter on get_the_excerpt --><\/p>\n","protected":false},"author":42,"featured_media":0,"comment_status":"open","ping_status":"closed","sticky":false,"template":"","format":"standard","meta":[],"categories":[9],"tags":[],"_links":{"self":[{"href":"https:\/\/blogs.elcorreo.com\/oscarterol\/wp-json\/wp\/v2\/posts\/241"}],"collection":[{"href":"https:\/\/blogs.elcorreo.com\/oscarterol\/wp-json\/wp\/v2\/posts"}],"about":[{"href":"https:\/\/blogs.elcorreo.com\/oscarterol\/wp-json\/wp\/v2\/types\/post"}],"author":[{"embeddable":true,"href":"https:\/\/blogs.elcorreo.com\/oscarterol\/wp-json\/wp\/v2\/users\/42"}],"replies":[{"embeddable":true,"href":"https:\/\/blogs.elcorreo.com\/oscarterol\/wp-json\/wp\/v2\/comments?post=241"}],"version-history":[{"count":0,"href":"https:\/\/blogs.elcorreo.com\/oscarterol\/wp-json\/wp\/v2\/posts\/241\/revisions"}],"wp:attachment":[{"href":"https:\/\/blogs.elcorreo.com\/oscarterol\/wp-json\/wp\/v2\/media?parent=241"}],"wp:term":[{"taxonomy":"category","embeddable":true,"href":"https:\/\/blogs.elcorreo.com\/oscarterol\/wp-json\/wp\/v2\/categories?post=241"},{"taxonomy":"post_tag","embeddable":true,"href":"https:\/\/blogs.elcorreo.com\/oscarterol\/wp-json\/wp\/v2\/tags?post=241"}],"curies":[{"name":"wp","href":"https:\/\/api.w.org\/{rel}","templated":true}]}}