{"id":240,"date":"2009-05-12T09:27:00","date_gmt":"2009-05-12T09:27:00","guid":{"rendered":"http:\/\/blogs.elcorreo.com\/oscarterol\/?p=240"},"modified":"2009-05-12T09:27:00","modified_gmt":"2009-05-12T09:27:00","slug":"el-oso-y-madrono","status":"publish","type":"post","link":"https:\/\/blogs.elcorreo.com\/oscarterol\/2009\/05\/12\/el-oso-y-madrono\/","title":{"rendered":"El oso y el madro\u00f1o"},"content":{"rendered":"\n<p> Buenos d\u00edas tropa. Aqu\u00ed me hallo, con un minibar virgen roz\u00e1ndome el muslo derecho, el aire acondicionado resecando mi cutis y, como era de esperar, un cuerno de curas\u00e1n sali\u00e9ndome por las orejas. Salgo del territorio Aguirre y subo para el de L\u00f3pez en un minuto. Las legiones de bilbainos que marchan a pie a la final atraviesan la meseta como una manada de b\u00fafalos miopes, todo huele a gran gesta, se respira la \u00e9pica.<\/p>\n<p> Pasar buen d\u00eda.<\/p>\n<p> Un abrazo de osooooooOOO<\/p>\n<!-- AddThis Advanced Settings generic via filter on the_content --><!-- AddThis Share Buttons generic via filter on the_content -->","protected":false},"excerpt":{"rendered":"<p>Buenos d\u00edas tropa. Aqu\u00ed me hallo, con un minibar virgen roz\u00e1ndome el muslo derecho, el aire acondicionado resecando mi cutis y, como era de esperar, un cuerno de curas\u00e1n sali\u00e9ndome por las orejas. Salgo del territorio Aguirre y subo para el de L\u00f3pez en un minuto. Las legiones de bilbainos que marchan a pie a [&hellip;]<!-- AddThis Advanced Settings generic via filter on get_the_excerpt --><!-- AddThis Share Buttons generic via filter on get_the_excerpt --><\/p>\n","protected":false},"author":42,"featured_media":0,"comment_status":"open","ping_status":"closed","sticky":false,"template":"","format":"standard","meta":[],"categories":[9],"tags":[],"_links":{"self":[{"href":"https:\/\/blogs.elcorreo.com\/oscarterol\/wp-json\/wp\/v2\/posts\/240"}],"collection":[{"href":"https:\/\/blogs.elcorreo.com\/oscarterol\/wp-json\/wp\/v2\/posts"}],"about":[{"href":"https:\/\/blogs.elcorreo.com\/oscarterol\/wp-json\/wp\/v2\/types\/post"}],"author":[{"embeddable":true,"href":"https:\/\/blogs.elcorreo.com\/oscarterol\/wp-json\/wp\/v2\/users\/42"}],"replies":[{"embeddable":true,"href":"https:\/\/blogs.elcorreo.com\/oscarterol\/wp-json\/wp\/v2\/comments?post=240"}],"version-history":[{"count":0,"href":"https:\/\/blogs.elcorreo.com\/oscarterol\/wp-json\/wp\/v2\/posts\/240\/revisions"}],"wp:attachment":[{"href":"https:\/\/blogs.elcorreo.com\/oscarterol\/wp-json\/wp\/v2\/media?parent=240"}],"wp:term":[{"taxonomy":"category","embeddable":true,"href":"https:\/\/blogs.elcorreo.com\/oscarterol\/wp-json\/wp\/v2\/categories?post=240"},{"taxonomy":"post_tag","embeddable":true,"href":"https:\/\/blogs.elcorreo.com\/oscarterol\/wp-json\/wp\/v2\/tags?post=240"}],"curies":[{"name":"wp","href":"https:\/\/api.w.org\/{rel}","templated":true}]}}