{"id":239,"date":"2009-05-10T22:27:00","date_gmt":"2009-05-10T22:27:00","guid":{"rendered":"http:\/\/blogs.elcorreo.com\/oscarterol\/?p=239"},"modified":"2009-05-10T22:27:00","modified_gmt":"2009-05-10T22:27:00","slug":"jaque-mate","status":"publish","type":"post","link":"https:\/\/blogs.elcorreo.com\/oscarterol\/2009\/05\/10\/jaque-mate\/","title":{"rendered":"Jaque mate!"},"content":{"rendered":"<p>Buenos d\u00edas hermanos, \u00bfc\u00f3mo va eso?<\/p>\n<p>Tal y como os promet\u00ed, aqu\u00ed os cuelgo uno de los dibujos del libro, el que tenemos en com\u00fan (es de inspiraci\u00f3n <STRONG>Kris<\/STRONG>tiana) Para entender su significado plenamente, hay que leer el libro; espero que est\u00e9 en la librer\u00edas en septiembre. <BIG>Gracias por las ideas que me enviasteis.<br \/>\n<\/BIG><\/p>\n<p> <IMG class=imgcen id=img_0 src=\"\/oscarterol\/wp-content\/uploads\/sites\/30\"><br \/>\nEsto es una primicia, espero que no se enfaden los de la editorial. <\/p>\n<p> Hoy voy a Madrid a llevar todas las ilustraciones y a cerrar el proceso del libro. Si me tratan la mitad de bien que a Patxi L\u00f3pez, me doy con un canto en los dientes. Me conectar\u00e9 desde all\u00ed. <\/p>\n<p> &#8220;Buscador dre buenos humos&#8221; nos hiciste un bonito regalo ayer (leer comentario) a lo que s\u00f3lo s epuede a\u00f1adir: amen.<\/p>\n<p> Os cuelgo tambi\u00e9n la pedrada de hoy. Los domingos por la tarde son letales.<\/p>\n<p> <P class=MsoNormal style=\"MARGIN: 0cm 0cm 0pt\"><B style=\"mso-bidi-font-weight: normal\"><FONT size=3><FONT face=\"Times New Roman\">Inc\u00f3gnitas de un lunes cualquiera.<?xml:namespace prefix = o ns = \"urn:schemas-microsoft-com:office:office\" \/><o:p><\/o:p><\/FONT><\/FONT><\/B><\/p>\n<p> <P class=MsoNormal style=\"MARGIN: 0cm 0cm 0pt\"><o:p><FONT face=\"Times New Roman\" size=3> <\/FONT><\/o:p><\/p>\n<p> <P class=MsoNormal style=\"MARGIN: 0cm 0cm 0pt\"><FONT face=\"Times New Roman\" size=3>Supongo que habr\u00e1n tenido alguna vez la misma sensaci\u00f3n; es como si te faltara algo y no sabes exactamente que es. As\u00ed estaba yo \u00faltimamente, con un vac\u00edo existencial, hombre, de car\u00e1cter leve, tampoco vamos a dramatizar en exceso. La causa la encontr\u00e9 ayer por la tarde, me vino de sopet\u00f3n a la mente la imagen que estaba echando de menos. Los cerebros son as\u00ed de caprichosos, cuando menos te lo esperas, hacen inventario y sacan a la luz las respuestas que buscabas. \u00bfPor qu\u00e9 ya nadie habla de Marina D\u00b4or? El a\u00f1o pasado, cada corte publicitario de la televisi\u00f3n ten\u00eda su consiguiente anuncio de la famosa ciudad de vacaciones. Nuestra Anne era la encargada de donar su glamour a la venta de aquellas moles de hormig\u00f3n con vistas al mar y plagadas de alicientes tur\u00edsticos. Las im\u00e1genes mostraban constantemente gente recibiendo masajes, o disfrutando del burbujeo y de los chorros de las infinitas piscinas que, al parecer, hab\u00eda all\u00ed. Nos hablaban de un lujo al alcance de todos: hoteles de cinco estrellas, campos de golf y un balneario de agua salada que deb\u00eda ser el m\u00e1s grande toda Europa. Todos los que aparec\u00edan en los anuncios eran guapos y se estaban riendo, tanto es as\u00ed, que aquella<SPAN style=\"mso-spacerun: yes\">  <\/SPAN>arcadia mediterr\u00e1nea inspiraba cierto aspecto fantasmal, como si se tratara de un paisaje del mas all\u00e1. Toda felicidad necesita de sus extrarradios, sus desconchados y sus barrios chinos para ser real, y por all\u00ed no se intu\u00edan, la verdad sea dicha. Curiosamente, meses despu\u00e9s, no conozco a nadie que haya estado metido en ninguna de aquellas piscinas, y no he o\u00eddo hablar en ning\u00fan medio de la \u201cAtl\u00e1ntida\u201d de Castell\u00f3n. No sabemos si tienen equipo de f\u00fatbol, ni en qu\u00e9 divisi\u00f3n juega, tampoco se ha cometido ning\u00fan crimen que haya saltado a la palestra, ni han aparecido en sus playas cet\u00e1ceos varados. Vamos, que ha sido inasequible al reportaje televisivo. Porque yo lo puedo jurar: Benidorm existe, tengo fotos. Pasen buen d\u00eda.<\/FONT><\/p>\n<p>  Empezar bien la semana, ya nos la cargaremos poco a poco.<\/p>\n<p> Abrazo de osoooooooooooooooooooooooooooooooooooooooooooo<\/p>\n<!-- AddThis Advanced Settings generic via filter on the_content --><!-- AddThis Share Buttons generic via filter on the_content -->","protected":false},"excerpt":{"rendered":"<p>Buenos d\u00edas hermanos, \u00bfc\u00f3mo va eso? Tal y como os promet\u00ed, aqu\u00ed os cuelgo uno de los dibujos del libro, el que tenemos en com\u00fan (es de inspiraci\u00f3n Kristiana) Para entender su significado plenamente, hay que leer el libro; espero que est\u00e9 en la librer\u00edas en septiembre. Gracias por las ideas que me enviasteis. Esto [&hellip;]<!-- AddThis Advanced Settings generic via filter on get_the_excerpt --><!-- AddThis Share Buttons generic via filter on get_the_excerpt --><\/p>\n","protected":false},"author":42,"featured_media":0,"comment_status":"open","ping_status":"closed","sticky":false,"template":"","format":"standard","meta":[],"categories":[9],"tags":[],"_links":{"self":[{"href":"https:\/\/blogs.elcorreo.com\/oscarterol\/wp-json\/wp\/v2\/posts\/239"}],"collection":[{"href":"https:\/\/blogs.elcorreo.com\/oscarterol\/wp-json\/wp\/v2\/posts"}],"about":[{"href":"https:\/\/blogs.elcorreo.com\/oscarterol\/wp-json\/wp\/v2\/types\/post"}],"author":[{"embeddable":true,"href":"https:\/\/blogs.elcorreo.com\/oscarterol\/wp-json\/wp\/v2\/users\/42"}],"replies":[{"embeddable":true,"href":"https:\/\/blogs.elcorreo.com\/oscarterol\/wp-json\/wp\/v2\/comments?post=239"}],"version-history":[{"count":0,"href":"https:\/\/blogs.elcorreo.com\/oscarterol\/wp-json\/wp\/v2\/posts\/239\/revisions"}],"wp:attachment":[{"href":"https:\/\/blogs.elcorreo.com\/oscarterol\/wp-json\/wp\/v2\/media?parent=239"}],"wp:term":[{"taxonomy":"category","embeddable":true,"href":"https:\/\/blogs.elcorreo.com\/oscarterol\/wp-json\/wp\/v2\/categories?post=239"},{"taxonomy":"post_tag","embeddable":true,"href":"https:\/\/blogs.elcorreo.com\/oscarterol\/wp-json\/wp\/v2\/tags?post=239"}],"curies":[{"name":"wp","href":"https:\/\/api.w.org\/{rel}","templated":true}]}}