{"id":238,"date":"2009-05-08T08:59:00","date_gmt":"2009-05-08T08:59:00","guid":{"rendered":"http:\/\/blogs.elcorreo.com\/oscarterol\/?p=238"},"modified":"2009-05-08T08:59:00","modified_gmt":"2009-05-08T08:59:00","slug":"la-noche-los-patucos-rosas","status":"publish","type":"post","link":"https:\/\/blogs.elcorreo.com\/oscarterol\/2009\/05\/08\/la-noche-los-patucos-rosas\/","title":{"rendered":"La noche de los patucos rosas"},"content":{"rendered":"<p>Buenos d\u00edas hermanos, ante los rumores que circulan por ah\u00ed, en los que se habla de un posible estado de estr\u00e9s, tengo que decir que no es cierto; estoy totalmente calmado. No hay m\u00e1s que ver la serenidad que emanaba mi rostro hace tan solo unos munutos, cuando me he levantado de la cama:<\/p>\n<p><IMG class=imgcen id=img_0 src=\"\/oscarterol\/wp-content\/uploads\/sites\/30\/IMGA0092.JPG\"><br \/>\n<IMG class=imgcen id=img_1 src=\"\/oscarterol\/wp-content\/uploads\/sites\/30\/IMGA0093.JPG\"><IMG class=imgcen id=img_2 src=\"\/oscarterol\/wp-content\/uploads\/sites\/30\/IMGA0094.JPG\"><IMG class=imgcen id=img_3 src=\"\/oscarterol\/wp-content\/uploads\/sites\/30\/IMGA0095.JPG\"><IMG class=imgcen id=img_4 src=\"\/oscarterol\/wp-content\/uploads\/sites\/30\/IMGA0096.JPG\"><\/p>\n<p> Todo est\u00e1 en orden, a armon\u00eda salta a la vista. <\/p>\n<p> Voy a intentar el dibujo del ajedrez (Lleg\u00f3 en correo privado) El lunes lo cuelgo.<\/p>\n<p> Voy a Etiop\u00eda. La semana que viene os detallo todo el viaje, con pelillos y se\u00f1ales.<\/p>\n<p> <STRONG>Mikel, eres un cl\u00e1sico<\/STRONG>.<\/p>\n<p> Pasar buen d\u00eda.\u00b4<\/p>\n<p> Abrazo de osooooooooooooooooooooooooooooooo<\/p>\n<!-- AddThis Advanced Settings generic via filter on the_content --><!-- AddThis Share Buttons generic via filter on the_content -->","protected":false},"excerpt":{"rendered":"<p>Buenos d\u00edas hermanos, ante los rumores que circulan por ah\u00ed, en los que se habla de un posible estado de estr\u00e9s, tengo que decir que no es cierto; estoy totalmente calmado. No hay m\u00e1s que ver la serenidad que emanaba mi rostro hace tan solo unos munutos, cuando me he levantado de la cama: Todo [&hellip;]<!-- AddThis Advanced Settings generic via filter on get_the_excerpt --><!-- AddThis Share Buttons generic via filter on get_the_excerpt --><\/p>\n","protected":false},"author":42,"featured_media":0,"comment_status":"open","ping_status":"closed","sticky":false,"template":"","format":"standard","meta":[],"categories":[9],"tags":[],"_links":{"self":[{"href":"https:\/\/blogs.elcorreo.com\/oscarterol\/wp-json\/wp\/v2\/posts\/238"}],"collection":[{"href":"https:\/\/blogs.elcorreo.com\/oscarterol\/wp-json\/wp\/v2\/posts"}],"about":[{"href":"https:\/\/blogs.elcorreo.com\/oscarterol\/wp-json\/wp\/v2\/types\/post"}],"author":[{"embeddable":true,"href":"https:\/\/blogs.elcorreo.com\/oscarterol\/wp-json\/wp\/v2\/users\/42"}],"replies":[{"embeddable":true,"href":"https:\/\/blogs.elcorreo.com\/oscarterol\/wp-json\/wp\/v2\/comments?post=238"}],"version-history":[{"count":0,"href":"https:\/\/blogs.elcorreo.com\/oscarterol\/wp-json\/wp\/v2\/posts\/238\/revisions"}],"wp:attachment":[{"href":"https:\/\/blogs.elcorreo.com\/oscarterol\/wp-json\/wp\/v2\/media?parent=238"}],"wp:term":[{"taxonomy":"category","embeddable":true,"href":"https:\/\/blogs.elcorreo.com\/oscarterol\/wp-json\/wp\/v2\/categories?post=238"},{"taxonomy":"post_tag","embeddable":true,"href":"https:\/\/blogs.elcorreo.com\/oscarterol\/wp-json\/wp\/v2\/tags?post=238"}],"curies":[{"name":"wp","href":"https:\/\/api.w.org\/{rel}","templated":true}]}}